{"id":1902,"date":"2020-04-14T14:01:08","date_gmt":"2020-04-14T12:01:08","guid":{"rendered":"https:\/\/www.ak-ak.sk\/?p=1902"},"modified":"2023-04-24T08:20:44","modified_gmt":"2023-04-24T06:20:44","slug":"zmenil-sa-pocas-koronavirusu-narok-na-osetrovne-ocr","status":"publish","type":"post","link":"https:\/\/www.ak-ak.sk\/de\/zmenil-sa-pocas-koronavirusu-narok-na-osetrovne-ocr\/","title":{"rendered":"Zmenil sa po\u010das koronav\u00edrusu n\u00e1rok na o\u0161etrovn\u00e9 (O\u010cR) ?"},"content":{"rendered":"\n<p><strong>Od 27.3.2020 plat\u00ed novela z\u00e1kona o soci\u00e1lnom poisten\u00ed, ktorou do\u0161lo k zmen\u00e1m pri poskytovan\u00ed n\u00e1roku na o\u0161etrovn\u00e9 po\u010das vyhl\u00e1sen\u00e9ho n\u00fadzov\u00e9ho stavu.&nbsp;<\/strong><\/p>\n\n\n\n<p class=\"has-cyan-bluish-gray-background-color has-background\"><em>Kto si m\u00f4\u017ee po\u010das pand\u00e9mie koronav\u00edrusu uplatni\u0165 n\u00e1rok na o\u0161etrovn\u00e9?&nbsp;<\/em><\/p>\n\n\n\n<p>N\u00e1rok na o\u0161etrovn\u00e9  m\u00e1 teraz nemocensky poisten\u00fd rodi\u010d, ktor\u00fd sa osobne star\u00e1 po\u010das cel\u00e9ho d\u0148a o die\u0165a:<\/p>\n\n\n\n<ol><li>mlad\u0161ie ako 11 rokov (die\u0165a m\u00e1 najviac 10 rokov a 364 dn\u00ed) alebo mlad\u0161ie ako 18 rokov, ak ide o die\u0165a s dlhodobo nepriazniv\u00fdm zdravotn\u00fdm stavom (v t\u00fdchto pr\u00edpadoch sa nevy\u017eaduje potvrdenie lek\u00e1ra alebo pedietra die\u0165a\u0165a),&nbsp;<\/li><li>mlad\u0161ie ako 16 rokov (potvrdenie lek\u00e1ra alebo pediatra je nevyhnutn\u00e9),<\/li><li>ktor\u00e9mu sa kon\u010d\u00ed obdobie rodi\u010dovskej dovolenky a&nbsp;nem\u00e1 mo\u017enos\u0165 umiestni\u0165 die\u0165a do pred\u0161kolsk\u00e9ho zariadenia (potvrdenie lek\u00e1ra sa nevy\u017eaduje),&nbsp;<\/li><li>ktor\u00e9mu die\u0165a odhl\u00e1sili zo s\u00fakromn\u00e9ho pred\u0161kolsk\u00e9ho zariadenia a s\u00fa\u010dasne nem\u00e1 mo\u017enos\u0165 umiestni\u0165 die\u0165a do in\u00e9ho pred\u0161kolsk\u00e9ho zariadenia alebo n\u00e1js\u0165 si opatrovate\u013eku, ktor\u00e1 by sa vedela o&nbsp;die\u0165a postara\u0165 (potvrdenie lek\u00e1ra sa nevy\u017eaduje),<\/li><li>ktor\u00fd je nemocensky poisten\u00fd, a&nbsp;doposia\u013e sa mu o&nbsp;die\u0165a starala in\u00e1 osoba &#8211; napr\u00edklad star\u00ed rodi\u010dia \u010di opatrovate\u013eka (potvrdenie lek\u00e1ra sa nevy\u017eaduje).<\/li><\/ol>\n\n\n\n<p><strong>N\u00e1rok na o\u0161etrovn\u00e9 m\u00e1 rodi\u010d, ak die\u0165a\u0165u:<\/strong><\/p>\n\n\n\n<ol><li>bolo nariaden\u00e9 karant\u00e9nne opatrenie,<\/li><li>bola \u0161kola, resp. \u0161k\u00f4lka die\u0165a\u0165a uzatvoren\u00e1.<\/li><\/ol>\n\n\n\n<p><strong>N\u00e1rok na o\u0161etrovn\u00e9 m\u00e1 aj:<\/strong><\/p>\n\n\n\n<ol><li>fyzick\u00e1 osoba, ktor\u00e1 sa inak o die\u0165a star\u00e1, ochorela alebo jej bolo nariaden\u00e9 karant\u00e9nne opatrenie &#8211; v tomto pr\u00edpade je potrebn\u00e9 potvrdenie lek\u00e1ra \u010di hygienika,<\/li><li>fyzick\u00e1 osoba, ktor\u00e1 sa star\u00e1 o pr\u00edbuzn\u00e9ho v priamom rade, s\u00farodenca, man\u017eela, man\u017eelku alebo rodi\u010da man\u017eela alebo man\u017eelky, ak zariadenie soci\u00e1lnych slu\u017eieb, v ktorom sa takejto osobe poskytuje soci\u00e1lna slu\u017eba ambulantnou formou alebo pobytovou formou bolo rozhodnut\u00edm pr\u00edslu\u0161n\u00fdch org\u00e1nov uzavret\u00e9 alebo v \u0148om bolo nariaden\u00e9 karant\u00e9nne opatrenie pod\u013ea osobitn\u00e9ho predpisu. Osobitn\u00e9 potvrdenie potrebn\u00e9 nie je.&nbsp;<\/li><\/ol>\n\n\n\n<p class=\"has-cyan-bluish-gray-background-color has-background\"><em>Dokedy mi trv\u00e1 n\u00e1rok na o\u0161etrovn\u00e9?&nbsp;<\/em><\/p>\n\n\n\n<p>N\u00e1rok na o\u0161etrovn\u00e9 trv\u00e1 <strong>do skon\u010denia potreby o\u0161etrovania alebo poskytovania starostlivosti, <\/strong>pri\u010dom v tom istom pr\u00edpade sa v&nbsp;o\u0161etrovan\u00ed alebo poskytovan\u00ed starostlivosti m\u00f4\u017eu poistenci strieda\u0165.<\/p>\n\n\n\n<p class=\"has-cyan-bluish-gray-background-color has-background\"><em>Ak\u00e1 je v\u00fd\u0161ka o\u0161etrovn\u00e9ho?<\/em><\/p>\n\n\n\n<p>O\u0161etrovn\u00e9 je vypl\u00e1can\u00e9 <strong>vo v\u00fd\u0161ke 55 % z denn\u00e9ho vymeriavacieho z\u00e1kladu<\/strong> alebo z pravdepodobn\u00e9ho denn\u00e9ho vymeriavacieho z\u00e1kladu.<\/p>\n\n\n\n<p class=\"has-cyan-bluish-gray-background-color has-background\"><em>Kde a ako m\u00f4\u017eem \u017eiada\u0165 o priznanie o\u0161etrovn\u00e9ho?<\/em><\/p>\n\n\n\n<p>Na str\u00e1nke Soci\u00e1lnej pois\u0165ovni je zverejnen\u00e1 <strong>\u017eiados\u0165 o o\u0161etrovn\u00e9<\/strong>, ktor\u00fa je potrebn\u00e9 vyplni\u0165 a doru\u010di\u0165 Soci\u00e1lnej pois\u0165ovni (bu\u010f elektronicky alebo osobne).&nbsp;<\/p>\n\n\n\n<p>Spolu so \u017eiados\u0165ou o o\u0161etrovn\u00e9 je potrebn\u00e9 Soci\u00e1lnej pois\u0165ovni doru\u010di\u0165 do konca mesiaca aj <strong>\u201e\u010cestn\u00e9 vyhl\u00e1senie\u201c<\/strong>, v ktorom uvediete ko\u013eko dn\u00ed ste die\u0165a o\u0161etrovali. \u010cestn\u00e9 vyhl\u00e1senie mus\u00ed poda\u0165 ka\u017ed\u00fd rodi\u010d osobitne &#8211; s\u00e1m za seba, a to najnesk\u00f4r do konca mesiaca, v ktorom si n\u00e1rokuje na vyplatenie o\u0161etrovn\u00e9ho.&nbsp;<\/p>\n\n\n\n<p>V pr\u00edpade, \u017ee by ste doru\u010dili \u010destn\u00e9 vyhl\u00e1senie oneskorene, bude V\u00e1m o\u0161etrovn\u00e9 vyplaten\u00e9 nesk\u00f4r v nasleduj\u00facom term\u00edne, napr. za apr\u00edl a\u017e v j\u00fani.<\/p>\n\n\n\n<p><strong>!POZOR!&nbsp;<\/strong><\/p>\n\n\n\n<p>Ako zamestnanec m\u00e1te povinnos\u0165 informova\u0165 svojho zamestn\u00e1vate\u013ea o tom, \u017ee si \u017eiadate o O\u010cR.<\/p>\n\n\n\n<p class=\"has-cyan-bluish-gray-background-color has-background\"><em>Ako je to s povinn\u00fdm soci\u00e1lnym poisten\u00edm pri o\u0161etrovnom?<\/em><\/p>\n\n\n\n<p>V zmysle novely z\u00e1kona o soci\u00e1lnom poisten\u00ed plat\u00ed, \u017ee po\u010das cel\u00e9ho obdobia n\u00e1roku na o\u0161etrovn\u00e9 sa povinn\u00e9 nemocensk\u00e9 poistenie, povinn\u00e9 d\u00f4chodkov\u00e9 poistenie a povinn\u00e9 poistenie v&nbsp;nezamestnanosti <strong>nepreru\u0161uje<\/strong> a&nbsp;ani <strong>neplat\u00ed<\/strong>. T\u00e1to novela predstavuje odchy\u013eku od p\u00f4vodnej pr\u00e1vnej \u00fapravy, kedy sa povinn\u00e9 d\u00f4chodkov\u00e9 poistenie a povinn\u00e9 poistenie v&nbsp;nezamestnanosti od 11.-teho d\u0148a preru\u0161ovalo.&nbsp;Zmenou je tie\u017e povinnos\u0165 zamestn\u00e1vate\u013ea, ktor\u00fd po\u010das koronav\u00edrusu nemus\u00ed za tak\u00e9hoto zamestnanca doru\u010di\u0165 \u201e<em>Registra\u010dn\u00fd list fyzickej osoby (RLFO) \u2013 preru\u0161enie<\/em>\u201c.&nbsp;<\/p>\n\n\n\n<p>Tie\u017e povinne poisten\u00fd \u017eivnostn\u00edk &#8211; SZ\u010cO, \u010di dobrovo\u013ene nemocensky poisten\u00e1 osoba po\u010das celej doby o\u0161etrovn\u00e9ho <strong>neplat\u00ed povinn\u00e9 odvody do Soci\u00e1lnej pois\u0165ovne<\/strong>.<\/p>\n\n\n\n<p class=\"has-text-align-center has-background\" style=\"background-color:#96bdcd\"><strong>Ak m\u00e1te ak\u00e9ko\u013evek \u010fa\u013e\u0161ie ot\u00e1zky a potrebujete poradi\u0165 z d\u00f4vodu  nepriaznivej situ\u00e1cie sp\u00f4sobenej koronav\u00edrusom,&nbsp;sme tu pre V\u00e1s. Nev\u00e1hajte n\u00e1s kontaktova\u0165 na e-mailovej adrese:&nbsp;<\/strong><a href=\"mailto:absolonova@ak-ak.sk\">absolonova@ak-ak.sk<\/a><strong>,&nbsp;<\/strong><a href=\"mailto:kornhauser@ak-ak.sk\">kornhauser@ak-ak.sk<\/a><\/p>\n","protected":false},"excerpt":{"rendered":"<p>Od 27.3.2020 plat\u00ed novela z\u00e1kona o soci\u00e1lnom poisten\u00ed, ktorou do\u0161lo k zmen\u00e1m pri poskytovan\u00ed n\u00e1roku na o\u0161etrovn\u00e9 po\u010das vyhl\u00e1sen\u00e9ho n\u00fadzov\u00e9ho stavu.&nbsp; Kto si m\u00f4\u017ee po\u010das pand\u00e9mie koronav\u00edrusu uplatni\u0165 n\u00e1rok na o\u0161etrovn\u00e9?&nbsp; N\u00e1rok na o\u0161etrovn\u00e9 m\u00e1 teraz nemocensky poisten\u00fd rodi\u010d, ktor\u00fd sa osobne star\u00e1 po\u010das cel\u00e9ho d\u0148a o die\u0165a: mlad\u0161ie ako 11 rokov (die\u0165a m\u00e1 najviac [&hellip;]<\/p>\n","protected":false},"author":1,"featured_media":1903,"comment_status":"closed","ping_status":"open","sticky":false,"template":"","format":"standard","meta":[],"categories":[55],"tags":[],"_links":{"self":[{"href":"https:\/\/www.ak-ak.sk\/de\/wp-json\/wp\/v2\/posts\/1902"}],"collection":[{"href":"https:\/\/www.ak-ak.sk\/de\/wp-json\/wp\/v2\/posts"}],"about":[{"href":"https:\/\/www.ak-ak.sk\/de\/wp-json\/wp\/v2\/types\/post"}],"author":[{"embeddable":true,"href":"https:\/\/www.ak-ak.sk\/de\/wp-json\/wp\/v2\/users\/1"}],"replies":[{"embeddable":true,"href":"https:\/\/www.ak-ak.sk\/de\/wp-json\/wp\/v2\/comments?post=1902"}],"version-history":[{"count":6,"href":"https:\/\/www.ak-ak.sk\/de\/wp-json\/wp\/v2\/posts\/1902\/revisions"}],"predecessor-version":[{"id":3080,"href":"https:\/\/www.ak-ak.sk\/de\/wp-json\/wp\/v2\/posts\/1902\/revisions\/3080"}],"wp:featuredmedia":[{"embeddable":true,"href":"https:\/\/www.ak-ak.sk\/de\/wp-json\/wp\/v2\/media\/1903"}],"wp:attachment":[{"href":"https:\/\/www.ak-ak.sk\/de\/wp-json\/wp\/v2\/media?parent=1902"}],"wp:term":[{"taxonomy":"category","embeddable":true,"href":"https:\/\/www.ak-ak.sk\/de\/wp-json\/wp\/v2\/categories?post=1902"},{"taxonomy":"post_tag","embeddable":true,"href":"https:\/\/www.ak-ak.sk\/de\/wp-json\/wp\/v2\/tags?post=1902"}],"curies":[{"name":"wp","href":"https:\/\/api.w.org\/{rel}","templated":true}]}}