{"id":1942,"date":"2020-05-10T11:22:46","date_gmt":"2020-05-10T09:22:46","guid":{"rendered":"https:\/\/www.ak-ak.sk\/?p=1942"},"modified":"2023-04-24T08:25:01","modified_gmt":"2023-04-24T06:25:01","slug":"docasna-ochrana-podnikatelov-tyka-sa-aj-mna","status":"publish","type":"post","link":"https:\/\/www.ak-ak.sk\/de\/docasna-ochrana-podnikatelov-tyka-sa-aj-mna\/","title":{"rendered":"DO\u010cASN\u00c1 OCHRANA PODNIKATE\u013dOV &#8211; t\u00fdka sa aj m\u0148a?"},"content":{"rendered":"\n<p>Parlament d\u0148a 22.4.2020 schv\u00e1lil novelu z\u00e1kona, ktorej predmetom je i poskytnutie do\u010dasnej ochrany podnikate\u013eov.<\/p>\n\n\n\n<p class=\"has-cyan-bluish-gray-background-color has-background\"><strong>Kto m\u00f4\u017ee \u017eiada\u0165 o&nbsp;ochranu?<\/strong><\/p>\n\n\n\n<p>Ka\u017ed\u00fd podnikate\u013e &#8211; FO i PO, ktor\u00fd:<\/p>\n\n\n\n<ol><li>m\u00e1 s\u00eddlo na \u00fazem\u00ed SR,<\/li><li>m\u00e1 opr\u00e1vnenie na podnikanie spred d\u0148a 12.3.2020,<\/li><li>nie je v \u00fapadku ku d\u0148u 12.3.2020&nbsp; (t.j. nie je platobne neschopn\u00fd alebo predl\u017een\u00fd).<\/li><\/ol>\n\n\n\n<p><strong>POZOR!<\/strong> Novela sa nevz\u0165ahuje na podnikate\u013eov, ktor\u00ed boli v \u00fapadku pred 12.3.2020 a na vymenovan\u00e9 subjekty \u2013 napr. banky, pois\u0165ovne, d\u00f4chodkov\u00e9 spr\u00e1vcovsk\u00e9 spolo\u010dnosti a poskytovate\u013eov spotrebite\u013esk\u00fdch \u00faverov.<\/p>\n\n\n\n<p class=\"has-cyan-bluish-gray-background-color has-background\"><strong>Ak\u00fd zmysel m\u00e1 pre m\u0148a (ako podnikate\u013ea) do\u010dasn\u00e1 ochrana?<\/strong><\/p>\n\n\n\n<ul><li>Po\u010das tejto doby sa <strong>PRERU\u0160UJE KONANIE NA VYHL\u00c1SENIE KONKURZU NA V\u00c1\u0160 MAJETOK<\/strong>, ak bol n\u00e1vrh verite\u013ea podan\u00fd po 12.3.2020.<\/li><\/ul>\n\n\n\n<ul><li>Po\u010das tejto doby sa <strong>EXEKU\u010cN\u00c9 KONANIE<\/strong> za\u010dat\u00e9 vo\u010di V\u00e1m po 12.3.2020 pre uspokojenie n\u00e1roku z Va\u0161ej podnikate\u013eskej \u010dinnosti, <strong>preru\u0161uje.<\/strong><\/li><\/ul>\n\n\n\n<ul><li>Po\u010das tejto doby <strong>NEMO\u017dNO <\/strong>vo\u010di V\u00e1m <strong>za\u010da\u0165 v\u00fdkon z\u00e1lo\u017en\u00e9ho pr\u00e1va <\/strong>vz\u0165ahuj\u00faceho sa na podnik, vec alebo pr\u00e1vo patriace k podniku.<\/li><\/ul>\n\n\n\n<ul><li>Po\u010das tejto doby <strong>NIE STE POVINN\u00dd PODA\u0164 N\u00c1VRH NA VYHL\u00c1SENIE KONKURZU NA V\u00c1\u0160 MAJETOK.<\/strong><\/li><\/ul>\n\n\n\n<ul><li>Po\u010das tejto doby V\u00e1m <strong>NEMO\u017dNO VYPOVEDA\u0164 ZMLUVU, resp. odst\u00fapi\u0165 od zmluvy <\/strong>uzatvorenej s Vami.&nbsp;<\/li><\/ul>\n\n\n\n<ul><li>Po\u010das tejto doby sa <strong>PRERU\u0160UJ\u00da lehoty<\/strong> na uplatnenie pr\u00e1va vo\u010di V\u00e1m.<\/li><\/ul>\n\n\n\n<p class=\"has-cyan-bluish-gray-background-color has-background\"><strong>Ako si m\u00f4\u017eem po\u017eiada\u0165 o ochranu?&nbsp;<\/strong><\/p>\n\n\n\n<p>O ochranu m\u00f4\u017eete po\u017eiada\u0165 prostredn\u00edctvom <strong>\u017eiadosti zverejnenej na str\u00e1nke MSSR.&nbsp;<\/strong><\/p>\n\n\n\n<p class=\"has-luminous-vivid-orange-background-color has-background\"><strong>POZOR! <\/strong>\u017diados\u0165 mus\u00ed by\u0165 podan\u00e1 na predp\u00edsanom formul\u00e1ri, inak sa na \u0148u prihliada\u0165 nebude.&nbsp;<\/p>\n\n\n\n<p class=\"has-cyan-bluish-gray-background-color has-background\"><strong>Kam m\u00e1m \u017eiados\u0165 poda\u0165?&nbsp;<\/strong><\/p>\n\n\n\n<p>\u017diados\u0165 treba poda\u0165 na pr\u00edslu\u0161n\u00fd s\u00fad, ktor\u00fdm bude:<\/p>\n\n\n\n<ul><li>Okresn\u00fd s\u00fad Trnava, ak s\u00eddlo, resp. miesto podnikania je v trnavskom alebo bratislavskom kraji,<\/li><li>Okresn\u00fd s\u00fad \u017dilina, ak s\u00eddlo, resp. miesto podnikania je v \u017eilinskom alebo trnavskom kraji,<\/li><li>Okresn\u00fd s\u00fad Bansk\u00e1 Bystrica, ak s\u00eddlo, resp. miesto podnikania je v banskobystrickom alebo nitrianskom kraji,<\/li><li>Okresn\u00fd s\u00fad Pre\u0161ov, ak s\u00eddlo, resp. miesto podnikania je v pre\u0161ovskom alebo ko\u0161ickom kraji.<\/li><\/ul>\n\n\n\n<p class=\"has-luminous-vivid-orange-background-color has-background\"><strong>POZOR! <\/strong>Ak \u017eiados\u0165 pod\u00e1te na nespr\u00e1vny s\u00fad, na tak\u00fato \u017eiados\u0165 s\u00fad nebude prihliada\u0165.<\/p>\n\n\n\n<p class=\"has-cyan-bluish-gray-background-color has-background\"><strong>Ako m\u00e1m \u017eiados\u0165 poda\u0165?<\/strong><\/p>\n\n\n\n<p>Ak ste PO mus\u00edte poda\u0165 \u017eiados\u0165 elektronick\u00fdmi prostriedkami do elektronickej schr\u00e1nky s\u00fadu. \u017diados\u0165 mus\u00ed by\u0165 autorizovan\u00e1.<\/p>\n\n\n\n<p>Ak ste FO m\u00f4\u017eete \u017eiados\u0165 poda\u0165 bu\u010f elektronicky, osobne alebo po\u0161tou. Podpis na \u017eiadosti nie je potrebn\u00e9 \u00faradne overi\u0165, ale je potrebn\u00e9 pripoji\u0165 k\u00f3piu ob\u010dianskeho preukazu.<\/p>\n\n\n\n<p>Ak by \u017eiados\u0165 za V\u00e1s podal splnomocnen\u00fd z\u00e1stupca &#8211; vy\u017eaduje sa overen\u00fd podpis na splnomocnen\u00ed.&nbsp;<\/p>\n\n\n\n<p class=\"has-cyan-bluish-gray-background-color has-background\"><strong>\u010co mus\u00ed obsahova\u0165 \u017eiados\u0165 o ochranu podnikate\u013ea?<\/strong><\/p>\n\n\n\n<ol><li>ozna\u010denie s\u00fadu, ktor\u00e9mu je ur\u010den\u00e1,<\/li><li>ozna\u010denie \u017eiadate\u013ea. Pri FO (meno, priezvisko, miesto podnikania a identifika\u010dn\u00e9 \u010d\u00edslo) a&nbsp;pri PO (obchodn\u00e9 meno, s\u00eddlo a&nbsp;<a href=\"https:\/\/www.podnikajte.sk\/registracne-povinnosti\/ico-dic-icdph\">I\u010cO<\/a>),<\/li><li>Ozna\u010denie mailovej adresy \u017eiadate\u013ea, ak ide o FO, ktor\u00e1 nem\u00e1 zriaden\u00fa elektronick\u00fa schr\u00e1nku,<\/li><li>vyhl\u00e1senie, \u017ee \u00fadaje v \u017eiadosti s\u00fa pravdiv\u00e9 a \u017ee sa \u017eiada o poskytnutie do\u010dasnej ochrany pod\u013ea tohto z\u00e1kona,<\/li><li>d\u00e1tum podania \u017eiadosti,<\/li><li>podpis \u017eiadate\u013ea.<\/li><\/ol>\n\n\n\n<p class=\"has-cyan-bluish-gray-background-color has-background\"><strong>Vznikn\u00fa mi do\u010dasnou ochranou i povinnosti?<\/strong><\/p>\n\n\n\n<p>\u00c1NO. Ste povinn\u00fd:<\/p>\n\n\n\n<ol><li>vynalo\u017ei\u0165 \u00faprimn\u00fa snahu, aby Va\u0161i veritelia boli uspokojen\u00ed v \u010do najv\u00e4\u010d\u0161om rozsahu.&nbsp;<\/li><li>uprednostni\u0165 z\u00e1ujmy verite\u013eov pred Va\u0161imi vlastn\u00fdmi,&nbsp;<\/li><li>do skon\u010denia do\u010dasnej ochrany nem\u00f4\u017eete rozdeli\u0165 zisk,<\/li><li>z\u00e1v\u00e4zky bezprostredne s\u00favisiace so zachovan\u00edm podniku, ktor\u00e9 V\u00e1m vznikli po poskytnut\u00ed do\u010dasnej ochrany, tzv. \u201enov\u00e9 dlhy\u201c uhr\u00e1dza\u0165 prednostne pred sk\u00f4r splatn\u00fdmi z\u00e1v\u00e4zkami, tzv. \u201estar\u00fdmi dlhmi\u201c.<\/li><\/ol>\n\n\n\n<p class=\"has-cyan-bluish-gray-background-color has-background\"><strong>Ako zist\u00edm, \u017ee mi bola poskytnut\u00e1 ochrana?<\/strong><\/p>\n\n\n\n<p>S\u00fad V\u00e1m vyd\u00e1 potvrdenie o poskytnut\u00ed do\u010dasnej ochrany a z\u00e1rove\u0148 zverejn\u00ed t\u00fato inform\u00e1ciu v Obchodnom vestn\u00edku. Do\u010dasn\u00e1 ochrana sa poskyuje odo d\u0148a nasleduj\u00faceho po dni zverejnenia inform\u00e1cie v Obchodnom vestn\u00edku a Vy budete ozna\u010den\u00fd ako <strong>\u201epodnikate\u013e pod do\u010dasnou ochranou\u201c.<\/strong><\/p>\n\n\n\n<p class=\"has-cyan-bluish-gray-background-color has-background\"><strong>Dokedy mi bude poskytnut\u00e1 ochrana?<\/strong><\/p>\n\n\n\n<p>Ochrana by mala pod\u013ea s\u00fa\u010dasnej pr\u00e1vnej \u00fapravy zanikn\u00fa\u0165:&nbsp;<\/p>\n\n\n\n<ol><li><strong>d\u0148om 1.10.2020<\/strong> (vl\u00e1da v\u0161ak m\u00f4\u017ee t\u00fato dobu pred\u013a\u017ei\u0165 a\u017e do 31.12.2020),<\/li><li>ak po\u017eiadate o ukon\u010denie do\u010dasnej ochrany,<\/li><li>ak s\u00fad rozhodne o zru\u0161en\u00ed do\u010dasnej ochrany.<\/li><\/ol>\n\n\n\n<p class=\"has-cyan-bluish-gray-background-color has-background\"><strong>Kedy mi m\u00f4\u017ee s\u00fad zru\u0161i\u0165 ochranu?&nbsp;<\/strong><\/p>\n\n\n\n<ol><li>Ak neboli splnen\u00e9 predpoklady na poskytnutie do\u010dasnej ochrany (napr. dodato\u010dne sa zist\u00ed, \u017ee ste neviedli riadne \u00fa\u010dtovn\u00edctvo),<\/li><li>Ak u V\u00e1s zanikli predpoklady na poskytnutie do\u010dasnej ochrany,<\/li><li>Ak ste poru\u0161ili povinnosti vypl\u00fdvaj\u00face z do\u010dasnej ochrany.<\/li><\/ol>\n\n\n\n<p class=\"has-text-align-center has-background\" style=\"background-color:#a6c4d1\"><strong>&nbsp;<\/strong> Tento \u010dl\u00e1nok nie je pr\u00e1vnou slu\u017ebou, pri\u010dom ka\u017ed\u00fd pr\u00e1vny vz\u0165ah je nevyhnutn\u00e9 pos\u00fadi\u0165 pr\u00e1vne a&nbsp;skutkovo individu\u00e1lne. <strong><strong>Ak m\u00e1te ak\u00e9ko\u013evek \u010fa\u013e\u0161ie ot\u00e1zky a potrebujete poradi\u0165,&nbsp;sme tu pre V\u00e1s. Nev\u00e1hajte n\u00e1s kontaktova\u0165 na e-mailovej adrese:&nbsp;<\/strong><a href=\"mailto:kornhauser@ak-ak.sk\">info@ak-ak.sk<\/a><\/strong><\/p>\n","protected":false},"excerpt":{"rendered":"<p>Parlament d\u0148a 22.4.2020 schv\u00e1lil novelu z\u00e1kona, ktorej predmetom je i poskytnutie do\u010dasnej ochrany podnikate\u013eov. Kto m\u00f4\u017ee \u017eiada\u0165 o&nbsp;ochranu? Ka\u017ed\u00fd podnikate\u013e &#8211; FO i PO, ktor\u00fd: m\u00e1 s\u00eddlo na \u00fazem\u00ed SR, m\u00e1 opr\u00e1vnenie na podnikanie spred d\u0148a 12.3.2020, nie je v \u00fapadku ku d\u0148u 12.3.2020&nbsp; (t.j. nie je platobne neschopn\u00fd alebo predl\u017een\u00fd). POZOR! Novela sa nevz\u0165ahuje [&hellip;]<\/p>\n","protected":false},"author":1,"featured_media":1943,"comment_status":"closed","ping_status":"open","sticky":false,"template":"","format":"standard","meta":[],"categories":[60],"tags":[],"_links":{"self":[{"href":"https:\/\/www.ak-ak.sk\/de\/wp-json\/wp\/v2\/posts\/1942"}],"collection":[{"href":"https:\/\/www.ak-ak.sk\/de\/wp-json\/wp\/v2\/posts"}],"about":[{"href":"https:\/\/www.ak-ak.sk\/de\/wp-json\/wp\/v2\/types\/post"}],"author":[{"embeddable":true,"href":"https:\/\/www.ak-ak.sk\/de\/wp-json\/wp\/v2\/users\/1"}],"replies":[{"embeddable":true,"href":"https:\/\/www.ak-ak.sk\/de\/wp-json\/wp\/v2\/comments?post=1942"}],"version-history":[{"count":6,"href":"https:\/\/www.ak-ak.sk\/de\/wp-json\/wp\/v2\/posts\/1942\/revisions"}],"predecessor-version":[{"id":3451,"href":"https:\/\/www.ak-ak.sk\/de\/wp-json\/wp\/v2\/posts\/1942\/revisions\/3451"}],"wp:featuredmedia":[{"embeddable":true,"href":"https:\/\/www.ak-ak.sk\/de\/wp-json\/wp\/v2\/media\/1943"}],"wp:attachment":[{"href":"https:\/\/www.ak-ak.sk\/de\/wp-json\/wp\/v2\/media?parent=1942"}],"wp:term":[{"taxonomy":"category","embeddable":true,"href":"https:\/\/www.ak-ak.sk\/de\/wp-json\/wp\/v2\/categories?post=1942"},{"taxonomy":"post_tag","embeddable":true,"href":"https:\/\/www.ak-ak.sk\/de\/wp-json\/wp\/v2\/tags?post=1942"}],"curies":[{"name":"wp","href":"https:\/\/api.w.org\/{rel}","templated":true}]}}