{"id":1987,"date":"2020-05-22T08:36:44","date_gmt":"2020-05-22T06:36:44","guid":{"rendered":"https:\/\/www.ak-ak.sk\/?p=1987"},"modified":"2023-04-24T08:24:55","modified_gmt":"2023-04-24T06:24:55","slug":"zrusili-mi-dovolenku-pozor-parlament-prijal-novelu-zakona","status":"publish","type":"post","link":"https:\/\/www.ak-ak.sk\/de\/zrusili-mi-dovolenku-pozor-parlament-prijal-novelu-zakona\/","title":{"rendered":"ZRU\u0160ILI MI DOVOLENKU &#8211; POZOR parlament prijal novelu z\u00e1kona!"},"content":{"rendered":"\n<p><strong>D\u0148a 20.5.2020 parlament prijal novelu z\u00e1kona o z\u00e1jazdoch, ktor\u00e1 rie\u0161i situ\u00e1ciu medzi cestovn\u00fdmi kancel\u00e1riami a cestuj\u00facimi.<\/strong><\/p>\n\n\n\n<p class=\"has-cyan-bluish-gray-background-color has-background\"><strong>Ak\u00e9ho z\u00e1jazdu sa novela z\u00e1kona t\u00fdka?<\/strong><\/p>\n\n\n\n<p>Ak\u00e9hoko\u013evek z\u00e1jazdu, ktor\u00fd nie je mo\u017en\u00e9 realizova\u0165 z d\u00f4vodu pand\u00e9mie koronav\u00edrusu v cie\u013eovej destin\u00e1cii, v krajine, ktorou prech\u00e1dzame alebo priamo na \u00fazem\u00ed Slovenska.&nbsp;<\/p>\n\n\n\n<p class=\"has-cyan-bluish-gray-background-color has-background\"><strong>Ako m\u00e1 postupova\u0165 cestovn\u00e1 kancel\u00e1ria?&nbsp;<\/strong><\/p>\n\n\n\n<p>Cestovn\u00e1 kancel\u00e1ria V\u00e1m v zmysle novo prijatej novely z\u00e1kona o z\u00e1jazdoch m\u00f4\u017ee pon\u00faknu\u0165:&nbsp;<\/p>\n\n\n\n<p>Ad 1) <strong>n\u00e1hradn\u00fd z\u00e1jazd <\/strong>&#8211; teda in\u00fd z\u00e1jazd, ako ten ktor\u00fd ste si objednali s t\u00fdm, \u017ee rozdiel v cene z\u00e1jazdu bu\u010f doplat\u00edte Vy alebo V\u00e1m prevy\u0161uj\u00face peniaze vr\u00e1ti priamo cestovn\u00e1 kancel\u00e1ria. So zmenou z\u00e1jazdu mus\u00edte s\u00fahlasi\u0165.<\/p>\n\n\n\n<p>Ad 2) ak nes\u00fahlas\u00edte so zmenou z\u00e1jazdu &#8211; cestovn\u00e1 kancel\u00e1ria by V\u00e1m mala zasla\u0165 <strong>ozn\u00e1menie o n\u00e1hradnom z\u00e1jazde<\/strong>.<\/p>\n\n\n\n<p>Ozn\u00e1menie o n\u00e1hradnom z\u00e1jazde mus\u00ed obsahova\u0165 inform\u00e1ciu:<\/p>\n\n\n\n<ul><li><strong>o tom, ak\u00e1 suma bola doposia\u013e za z\u00e1jazd uhraden\u00e1<\/strong>,&nbsp;<\/li><li><strong>z\u00e1kladn\u00e9 znaky slu\u017eieb cestovn\u00e9ho ruchu <\/strong>(cie\u013eov\u00e1 destin\u00e1cia, d\u00e1tum za\u010diatku z\u00e1jazdu, d\u013a\u017eka pobytu \u010di program), ktor\u00e9 boli po dohode s cestuj\u00facim zmenen\u00e9,<\/li><li>O pr\u00e1ve cestuj\u00faceho post\u00fapi\u0165 zmluvu o z\u00e1jazde pod\u013ea \u00a7 18.<\/li><\/ul>\n\n\n\n<p class=\"has-cyan-bluish-gray-background-color has-background\"><strong>Kedy m\u00f4\u017eem odmietnu\u0165 n\u00e1hradn\u00fd z\u00e1jazd?&nbsp;<\/strong><\/p>\n\n\n\n<p>Do <strong>14-tich dn\u00ed odo d\u0148a<\/strong>, kedy V\u00e1m bolo doru\u010den\u00e9 ozn\u00e1menie o poskytnut\u00ed n\u00e1hradn\u00e9ho z\u00e1jazdu, ak:<\/p>\n\n\n\n<ul><li><strong>Sa <\/strong>Va\u0161a ekonomick\u00e1 situ\u00e1cia zmenila z d\u00f4vodu mimoriadnej situ\u00e1cie t\u00fdkaj\u00facej sa koronav\u00edrusu,&nbsp;<\/li><li>Ste pri\u0161li&nbsp; o zamestnanie v d\u00f4sledku koronav\u00edrusu,&nbsp;<\/li><li>Ste SZ\u010cO alebo jednoosobov\u00e1 s.r.o., ktorej bol priznan\u00fd finan\u010dn\u00fd pr\u00edspevok v r\u00e1mci projektu na podporu udr\u017eania zamestnanosti,<\/li><li><strong>Ste osamel\u00fd rodi\u010d a ste poberate\u013eom pandemick\u00e9ho o\u0161etrovn\u00e9ho,<\/strong><\/li><li>Ste t<strong>ehotn\u00e1 a nebudete m\u00f4c\u0165 z objekt\u00edvnych d\u00f4vodov cestova\u0165 v \u010dase do 31. 8. 2021,<\/strong><\/li><li><strong>Ste osoba star\u0161ia ako 65 rokov.<\/strong><\/li><\/ul>\n\n\n\n<p>Za zru\u0161enie z\u00e1jazdu v t\u00fdchto pr\u00edpadoch neplat\u00edte \u017eiaden storno poplatok a ani nie ste povinn\u00fd uhradi\u0165&nbsp; \u017eiadne odstupn\u00e9.<\/p>\n\n\n\n<p class=\"has-cyan-bluish-gray-background-color has-background\"><strong>\u010co, ak sme viac\u010dlenn\u00e1 rodina a v\u00fdnimku sp\u013a\u0148a len jeden z n\u00e1s?&nbsp;<\/strong><\/p>\n\n\n\n<p>V takomto pr\u00edpade bude ma\u0165 len jeden z V\u00e1s mo\u017enos\u0165 odmietnu\u0165 n\u00e1hradn\u00fd z\u00e1jazd a zvy\u0161n\u00e1 \u010das\u0165 rodiny dostane mo\u017enos\u0165 vyu\u017ei\u0165 n\u00e1hradn\u00fd z\u00e1jazd.&nbsp;<\/p>\n\n\n\n<p class=\"has-cyan-bluish-gray-background-color has-background\"><strong>Dokedy mi bude poskytnut\u00fd n\u00e1hradn\u00fd z\u00e1jazd?&nbsp;<\/strong><\/p>\n\n\n\n<p>Cestovn\u00e1 kancel\u00e1ria sa s Vami mus\u00ed dohdon\u00fa\u0165 na n\u00e1hradnom z\u00e1jazde do konca augusta 2021. <strong>Ak sa na n\u00e1hradnom z\u00e1jazde nedohodnete do tohto \u010dasu, tak bude plati\u0165 nevyvr\u00e1tite\u013en\u00e1 domnienka, \u017ee cestovn\u00e1 kancel\u00e1ria od zmluvy odst\u00fapila a cestovn\u00e1 kancel\u00e1ria je V\u00e1m povinn\u00e1 vr\u00e1ti\u0165 v\u0161etky platby, ktor\u00e9 od V\u00e1s prijala.<\/strong><\/p>\n\n\n\n<p>Vy ako cestuj\u00faci nemus\u00edte ni\u010d dodato\u010dne preukazova\u0165, d\u00f4le\u017eit\u00e9 je len to, \u017ee lehota na uzatvorenie n\u00e1hradn\u00e9ho z\u00e1jazdu uplynula a medzi Vami a cestovnou kancel\u00e1riou neexistuje \u017eiadna dohoda o n\u00e1hradnom term\u00edne.&nbsp;<\/p>\n\n\n\n<p class=\"has-cyan-bluish-gray-background-color has-background\"><strong>\u010co v pr\u00edpade, \u017ee som odst\u00fapil od zmluvy s cestovnou kancel\u00e1riou?&nbsp;<\/strong><\/p>\n\n\n\n<p>V takomto pr\u00edpade plat\u00ed, \u017ee p\u00f4vodn\u00e1 zmluva o z\u00e1jazde \u010falej trv\u00e1. V\u00fdnimkou je len situ\u00e1cia, ak V\u00e1m cestovn\u00e1 kancel\u00e1ria u\u017e vr\u00e1tila v\u0161etky platby zaplaten\u00e9 na z\u00e1klade zmluvy o z\u00e1jazde &#8211; vtedy sa na V\u00e1s z\u00e1kon nevz\u0165ahuje. Ak V\u00e1m platby zatia\u013e nevr\u00e1tila bude sa postupova\u0165 pod\u013ea vy\u0161\u0161ie uveden\u00fdch pravidiel.<\/p>\n\n\n\n<p class=\"has-cyan-bluish-gray-background-color has-background\"><strong>\u010co, ak sa len ob\u00e1vam na z\u00e1jazd \u00eds\u0165?&nbsp;<\/strong><\/p>\n\n\n\n<p>Ak nechcete \u00eds\u0165 na z\u00e1jazd zo subjekt\u00edvnych d\u00f4vodov a ob\u00e1vate sa, \u017ee by V\u00e1m tam napr\u00edklad mohlo hrozi\u0165 nebezpe\u010denstvo (i ke\u010f toto ofici\u00e1lne potrveden\u00e9 nie je), m\u00e1te mo\u017enos\u0165 cestovnej kancel\u00e1rii vopred ozn\u00e1mi\u0165, \u017ee na z\u00e1jazd nenast\u00fapite.<strong>Cestovn\u00e1 kancel\u00e1ria by V\u00e1m mala n\u00e1sledne umo\u017eni\u0165 odklad plnenia s t\u00fdm, \u017ee do 31.12.2021 by ste si mali dohodn\u00fa\u0165 n\u00e1hradn\u00fd z\u00e1jazd.<\/strong><\/p>\n\n\n\n<p class=\"has-cyan-bluish-gray-background-color has-background\"><strong>\u010co, ak som pre koronav\u00edrus prestal plati\u0165 z\u00e1lohov\u00e9 platby?<\/strong><\/p>\n\n\n\n<p>Pod\u013ea novely z\u00e1kona o z\u00e1jazdoch od V\u00e1s cestovn\u00e1 kancel\u00e1ria v \u010dase koronav\u00edrusu nem\u00f4\u017ee \u017eiada\u0165 \u00fahradu \u010fal\u0161\u00edch z\u00e1lohov\u00fdch platieb, preto ak ste aj doposia\u013e nehuradili v\u0161etky po\u017eadovan\u00e9 z\u00e1lohov\u00e9 platby, tak ste sa nemohli dosta\u0165 do ome\u0161kania. V\u00fdnimkou je len situ\u00e1cia, ak ste sa dohodli na zmene z\u00e1jazdu.<\/p>\n\n\n\n<p class=\"has-text-align-center has-background\" style=\"background-color:#a4c5d3\">&nbsp; Tento \u010dl\u00e1nok nie je pr\u00e1vnou slu\u017ebou, pri\u010dom ka\u017ed\u00fd pr\u00e1vny vz\u0165ah je nevyhnutn\u00e9 pos\u00fadi\u0165 pr\u00e1vne a&nbsp;skutkovo individu\u00e1lne.&nbsp;<strong>Ak m\u00e1te ak\u00e9ko\u013evek \u010fa\u013e\u0161ie ot\u00e1zky a potrebujete poradi\u0165,&nbsp;sme tu pre V\u00e1s. Nev\u00e1hajte n\u00e1s kontaktova\u0165 na e-mailovej adrese:&nbsp;<\/strong><a href=\"mailto:kornhauser@ak-ak.sk\">info@ak-ak.sk<\/a><\/p>\n","protected":false},"excerpt":{"rendered":"<p>D\u0148a 20.5.2020 parlament prijal novelu z\u00e1kona o z\u00e1jazdoch, ktor\u00e1 rie\u0161i situ\u00e1ciu medzi cestovn\u00fdmi kancel\u00e1riami a cestuj\u00facimi. Ak\u00e9ho z\u00e1jazdu sa novela z\u00e1kona t\u00fdka? Ak\u00e9hoko\u013evek z\u00e1jazdu, ktor\u00fd nie je mo\u017en\u00e9 realizova\u0165 z d\u00f4vodu pand\u00e9mie koronav\u00edrusu v cie\u013eovej destin\u00e1cii, v krajine, ktorou prech\u00e1dzame alebo priamo na \u00fazem\u00ed Slovenska.&nbsp; Ako m\u00e1 postupova\u0165 cestovn\u00e1 kancel\u00e1ria?&nbsp; Cestovn\u00e1 kancel\u00e1ria V\u00e1m v zmysle [&hellip;]<\/p>\n","protected":false},"author":1,"featured_media":1988,"comment_status":"closed","ping_status":"open","sticky":false,"template":"","format":"standard","meta":[],"categories":[60],"tags":[],"_links":{"self":[{"href":"https:\/\/www.ak-ak.sk\/de\/wp-json\/wp\/v2\/posts\/1987"}],"collection":[{"href":"https:\/\/www.ak-ak.sk\/de\/wp-json\/wp\/v2\/posts"}],"about":[{"href":"https:\/\/www.ak-ak.sk\/de\/wp-json\/wp\/v2\/types\/post"}],"author":[{"embeddable":true,"href":"https:\/\/www.ak-ak.sk\/de\/wp-json\/wp\/v2\/users\/1"}],"replies":[{"embeddable":true,"href":"https:\/\/www.ak-ak.sk\/de\/wp-json\/wp\/v2\/comments?post=1987"}],"version-history":[{"count":3,"href":"https:\/\/www.ak-ak.sk\/de\/wp-json\/wp\/v2\/posts\/1987\/revisions"}],"predecessor-version":[{"id":2018,"href":"https:\/\/www.ak-ak.sk\/de\/wp-json\/wp\/v2\/posts\/1987\/revisions\/2018"}],"wp:featuredmedia":[{"embeddable":true,"href":"https:\/\/www.ak-ak.sk\/de\/wp-json\/wp\/v2\/media\/1988"}],"wp:attachment":[{"href":"https:\/\/www.ak-ak.sk\/de\/wp-json\/wp\/v2\/media?parent=1987"}],"wp:term":[{"taxonomy":"category","embeddable":true,"href":"https:\/\/www.ak-ak.sk\/de\/wp-json\/wp\/v2\/categories?post=1987"},{"taxonomy":"post_tag","embeddable":true,"href":"https:\/\/www.ak-ak.sk\/de\/wp-json\/wp\/v2\/tags?post=1987"}],"curies":[{"name":"wp","href":"https:\/\/api.w.org\/{rel}","templated":true}]}}