{"id":2068,"date":"2020-09-03T12:05:56","date_gmt":"2020-09-03T10:05:56","guid":{"rendered":"https:\/\/www.ak-ak.sk\/?p=2068"},"modified":"2023-04-24T08:28:54","modified_gmt":"2023-04-24T06:28:54","slug":"dedenie","status":"publish","type":"post","link":"https:\/\/www.ak-ak.sk\/de\/dedenie\/","title":{"rendered":"Dedenie"},"content":{"rendered":"\n<p>V&nbsp;zmysle slovensk\u00e9ho pr\u00e1vneho poriadku je mo\u017en\u00e9 na \u00fazem\u00ed SR dedi\u0165 bu\u010f pod\u013ea z\u00e1kona alebo pod\u013ea z\u00e1vetu.&nbsp;<\/p>\n\n\n\n<p>V&nbsp;pr\u00edpade, \u017ee zosnul\u00fd (poru\u010dite\u013e) zanechal pre pr\u00edpad svojej smrti Z\u00c1VET, m\u00e1 tento prednos\u0165 pred deden\u00edm zo z\u00e1kona. V\u00fdnimkou je len situ\u00e1cia, kedy zosnul\u00fd zahrnul do svojho z\u00e1vetu len \u010das\u0165 majetku, resp. niektor\u00fd predmet dedi\u010dstva (napr\u00edklad nehnute\u013enos\u0165) v&nbsp;z\u00e1vete nespomenul. V&nbsp;takomto pr\u00edpade prich\u00e1dza do \u00favahy s\u00fa\u010dasne dedenie pod\u013ea z\u00e1vetu a&nbsp;v&nbsp;\u010dasti nespomenut\u00e9ho majetku d\u00f4jde k&nbsp;dedeniu pod\u013ea z\u00e1kona.&nbsp;<\/p>\n\n\n\n<p>Ak neexistuje \u017eiaden dedi\u010d po zosnulom, dedi\u010dstvo pripadne \u0161t\u00e1tu.<\/p>\n\n\n\n<p class=\"has-cyan-bluish-gray-background-color has-background\"><strong>Dedi\u010dsk\u00e9 skupiny:<\/strong><\/p>\n\n\n\n<ul type=\"1\"><li><strong>1. Skupina:&nbsp;<\/strong><\/li><li>deti poru\u010dite\u013ea (zosnul\u00e9ho) a&nbsp;man\u017eel\/man\u017eelka. <\/li><li>V\u0160ETCI dedia rovnak\u00fdm dielom.&nbsp;<\/li><li>Za predpokladu, \u017ee niektor\u00e9 die\u0165a neded\u00ed, jeho dedi\u010dsk\u00fd podiel nadobudn\u00fa rovnak\u00fdm dielom jeho deti.&nbsp;<\/li><li>Ak nededia ani tieto deti alebo niektor\u00e9 z nich, dedia rovnak\u00fdm dielom ich potomkovia.&nbsp;<\/li><li><strong>POZOR! <\/strong>Man\u017eel\/man\u017eelka v&nbsp;1. skupine nem\u00f4\u017eu dedi\u0165 sami, a&nbsp;z&nbsp;toho d\u00f4vodu, ak nededia \u017eiadne poru\u010dite\u013eove deti, man\u017eel\/man\u017eelka bud\u00fa patri\u0165 do 2. skupiny.&nbsp;&nbsp;<\/li><li><strong>2. Skupina:&nbsp;<\/strong><\/li><li>man\u017eel\/man\u017eelka, poru\u010dite\u013eovi rodi\u010dia a t\u00ed, ktor\u00ed \u017eili s poru\u010dite\u013eom najmenej jeden rok pred jeho smr\u0165ou v spolo\u010dnej dom\u00e1cnosti.&nbsp;<\/li><li>Dedi\u010dia dedia rovnak\u00fdm dielom, s&nbsp;v\u00fdnimkou man\u017eela\/man\u017eelky, ktor\u00fd ded\u00ed v\u017edy minim\u00e1lne \u00bd dedi\u010dstva.<\/li><li><strong>3. Skupina:&nbsp;<\/strong><\/li><li>poru\u010dite\u013eovi s\u00farodenci a t\u00ed, ktor\u00ed \u017eili s poru\u010dite\u013eom najmenej jeden rok pred jeho smr\u0165ou v spolo\u010dnej dom\u00e1cnosti.&nbsp;<\/li><li>V\u0161etci dedia rovnak\u00fdm dielom.&nbsp;<\/li><li>Za predpokladu, \u017ee po poru\u010dite\u013eovi niektor\u00fd zo s\u00farodencov neded\u00ed, dedi\u010dstvo nadobudn\u00fa rovnak\u00fdm dielom jeho deti.<\/li><li><strong>4. Skupina:&nbsp;<\/strong><\/li><li>prarodi\u010dia poru\u010dite\u013ea, a ak \u017eiaden z&nbsp;nich neded\u00ed, dedia rovnak\u00fdm dielom ich deti.<\/li><\/ul>\n\n\n\n<p class=\"has-cyan-bluish-gray-background-color has-background\">ODMIETNUTIE DEDI\u010cSTVA&nbsp;<\/p>\n\n\n\n<p>Dedi\u010dstvo ako opr\u00e1vnen\u00fd dedi\u010d nemus\u00edte automaticky prija\u0165. M\u00e1te mo\u017enos\u0165 dedi\u010dstvo odmietnu\u0165,&nbsp;&nbsp;a&nbsp;to \u00fastnym vyhl\u00e1sen\u00edm na s\u00fade alebo p\u00edsomn\u00fdm vyhl\u00e1sen\u00edm, ktor\u00e9 mus\u00edte s\u00fadu doru\u010di\u0165.&nbsp;<\/p>\n\n\n\n<p class=\"has-luminous-vivid-orange-background-color has-background\"><strong>POZOR! <\/strong>Ak raz odmietnete dedi\u010dstvo, toto u\u017e nem\u00f4\u017eete vzia\u0165 sp\u00e4\u0165 \u2013 teda odmietnutie zru\u0161i\u0165!&nbsp;<\/p>\n\n\n\n<p class=\"has-cyan-bluish-gray-background-color has-background\">VYDEDENIE<\/p>\n\n\n\n<p><strong>POZOR!&nbsp;<\/strong>Poru\u010dite\u013e&nbsp;nem\u00f4\u017ee&nbsp;&nbsp;v&nbsp;z\u00e1vete vynecha\u0165 svoje deti.<\/p>\n\n\n\n<p>Malolet\u00e9 deti musia v\u017edy nadobudn\u00fa\u0165 \u010das\u0165 dedi\u010dstva, ktor\u00e1 im prisl\u00facha pod\u013ea z\u00e1kona a&nbsp;plnolet\u00e9 deti musia v\u017edy nadobudn\u00fa\u0165 aspo\u0148 1\/2 \u010dasti dedi\u010dstva, ktor\u00e1 im prisl\u00facha pod\u013ea z\u00e1kona.<\/p>\n\n\n\n<p>Na VYDEDENIE opr\u00e1vnen\u00e9ho dedi\u010da mus\u00ed ma\u0165 poru\u010dite\u013e v\u017edy V\u00c1\u017dNY d\u00f4vod!&nbsp;<\/p>\n\n\n\n<p>Uveden\u00e9 upravuje Ob\u010diansky z\u00e1konn\u00edk tak, \u017ee:&nbsp;<\/p>\n\n\n\n<p><em>\u201ePoru\u010dite\u013e m\u00f4\u017ee vydedi\u0165 potomka, ak<\/em><\/p>\n\n\n\n<p><em>a) v rozpore s dobr\u00fdmi mravmi neposkytol poru\u010dite\u013eovi potrebn\u00fa pomoc v chorobe, v starobe alebo v in\u00fdch z\u00e1va\u017en\u00fdch pr\u00edpadoch,<\/em><\/p>\n\n\n\n<p><em>b) o poru\u010dite\u013ea trvalo neprejavuje opravdiv\u00fd z\u00e1ujem, ktor\u00fd by ako potomok mal prejavova\u0165,<\/em><\/p>\n\n\n\n<p><em>c) bol ods\u00faden\u00fd pre \u00famyseln\u00fd trestn\u00fd \u010din na trest od\u0148atia slobody v trvan\u00ed najmenej jedn\u00e9ho roka,<\/em><\/p>\n\n\n\n<p><em>d) trvalo vedie neusporiadan\u00fd \u017eivot.\u201c<\/em><\/p>\n\n\n\n<p class=\"has-cyan-bluish-gray-background-color has-background\"><strong>NESP\u00d4SOBIL\u00dd DEDI\u010c<\/strong><\/p>\n\n\n\n<p>Neded\u00ed ten, kto sa dopustil \u00famyseln\u00e9ho trestn\u00e9ho \u010dinu proti poru\u010dite\u013eovi, jeho man\u017eelovi, de\u0165om alebo rodi\u010dom alebo zavrhnutia hodn\u00e9ho konania proti prejavu poru\u010dite\u013eovej poslednej v\u00f4le.&nbsp;<\/p>\n\n\n\n<p><strong>POZOR! <\/strong>Tieto osoby m\u00f4\u017eu dedi\u0165, ak im tento \u010din poru\u010dite\u013e odpustil.<\/p>\n\n\n\n<p class=\"has-text-align-center has-background\" style=\"background-color:#83afc1\">Tento \u010dl\u00e1nok nie je pr\u00e1vnou slu\u017ebou, pri\u010dom ka\u017ed\u00fd pr\u00e1vny vz\u0165ah je nevyhnutn\u00e9 pos\u00fadi\u0165 pr\u00e1vne a&nbsp;skutkovo individu\u00e1lne.&nbsp;<strong>Ak m\u00e1te ak\u00e9ko\u013evek \u010fa\u013e\u0161ie ot\u00e1zky a potrebujete poradi\u0165,&nbsp;sme tu pre V\u00e1s. Nev\u00e1hajte n\u00e1s kontaktova\u0165 na e-mailovej adrese:&nbsp;<\/strong><a href=\"mailto:kornhauser@ak-ak.sk\">info@ak-ak.sk<\/a><\/p>\n","protected":false},"excerpt":{"rendered":"<p>V&nbsp;zmysle slovensk\u00e9ho pr\u00e1vneho poriadku je mo\u017en\u00e9 na \u00fazem\u00ed SR dedi\u0165 bu\u010f pod\u013ea z\u00e1kona alebo pod\u013ea z\u00e1vetu.&nbsp; V&nbsp;pr\u00edpade, \u017ee zosnul\u00fd (poru\u010dite\u013e) zanechal pre pr\u00edpad svojej smrti Z\u00c1VET, m\u00e1 tento prednos\u0165 pred deden\u00edm zo z\u00e1kona. V\u00fdnimkou je len situ\u00e1cia, kedy zosnul\u00fd zahrnul do svojho z\u00e1vetu len \u010das\u0165 majetku, resp. niektor\u00fd predmet dedi\u010dstva (napr\u00edklad nehnute\u013enos\u0165) v&nbsp;z\u00e1vete nespomenul. V&nbsp;takomto [&hellip;]<\/p>\n","protected":false},"author":1,"featured_media":2069,"comment_status":"closed","ping_status":"open","sticky":false,"template":"","format":"standard","meta":[],"categories":[60],"tags":[],"_links":{"self":[{"href":"https:\/\/www.ak-ak.sk\/de\/wp-json\/wp\/v2\/posts\/2068"}],"collection":[{"href":"https:\/\/www.ak-ak.sk\/de\/wp-json\/wp\/v2\/posts"}],"about":[{"href":"https:\/\/www.ak-ak.sk\/de\/wp-json\/wp\/v2\/types\/post"}],"author":[{"embeddable":true,"href":"https:\/\/www.ak-ak.sk\/de\/wp-json\/wp\/v2\/users\/1"}],"replies":[{"embeddable":true,"href":"https:\/\/www.ak-ak.sk\/de\/wp-json\/wp\/v2\/comments?post=2068"}],"version-history":[{"count":6,"href":"https:\/\/www.ak-ak.sk\/de\/wp-json\/wp\/v2\/posts\/2068\/revisions"}],"predecessor-version":[{"id":2076,"href":"https:\/\/www.ak-ak.sk\/de\/wp-json\/wp\/v2\/posts\/2068\/revisions\/2076"}],"wp:featuredmedia":[{"embeddable":true,"href":"https:\/\/www.ak-ak.sk\/de\/wp-json\/wp\/v2\/media\/2069"}],"wp:attachment":[{"href":"https:\/\/www.ak-ak.sk\/de\/wp-json\/wp\/v2\/media?parent=2068"}],"wp:term":[{"taxonomy":"category","embeddable":true,"href":"https:\/\/www.ak-ak.sk\/de\/wp-json\/wp\/v2\/categories?post=2068"},{"taxonomy":"post_tag","embeddable":true,"href":"https:\/\/www.ak-ak.sk\/de\/wp-json\/wp\/v2\/tags?post=2068"}],"curies":[{"name":"wp","href":"https:\/\/api.w.org\/{rel}","templated":true}]}}