{"id":2101,"date":"2020-11-02T12:14:07","date_gmt":"2020-11-02T11:14:07","guid":{"rendered":"https:\/\/www.ak-ak.sk\/?p=2101"},"modified":"2023-04-24T08:53:39","modified_gmt":"2023-04-24T06:53:39","slug":"uprava-styku-s-detmi-pocas-vianoc-ziadajte-o-nu-s-predstihom","status":"publish","type":"post","link":"https:\/\/www.ak-ak.sk\/de\/uprava-styku-s-detmi-pocas-vianoc-ziadajte-o-nu-s-predstihom\/","title":{"rendered":"\u00daprava styku s de\u0165mi po\u010das VIANOC! &#8211; \u017eiadajte o \u0148u s predstihom."},"content":{"rendered":"\n<p class=\"has-background\" style=\"background-color:#b54e4e\"><strong>Neviete sa ako rodi\u010dia dohodn\u00fa\u0165 na styku s de\u0165mi po\u010das viano\u010dn\u00fdch sviatkov? Obaja chcete ma\u0165 deti pri sebe, pr\u00edpadne m\u00e1te strach, \u017ee druh\u00fd rodi\u010d tesne pred sviatkami zmen\u00ed n\u00e1zor a nedodr\u017e\u00ed Va\u0161u \u00fastnu dohodu? <\/strong><\/p>\n\n\n\n<p class=\"has-background\" style=\"background-color:#b54e4e\"><strong>V pr\u00edpade, \u017ee nem\u00e1te upraven\u00fd styk s de\u0165mi osobitne aj po\u010das viano\u010dn\u00fdch sviatkov, m\u00e1te mo\u017enos\u0165 po\u017eiada\u0165 s\u00fad o nariadenie neodkladn\u00e9ho opatrenia, ktor\u00fdm V\u00e1m uprav\u00ed styk po\u010das Vianoc a nov\u00e9ho roka!<\/strong><\/p>\n\n\n\n<p>Viano\u010dn\u00e9 sviatky s\u00fa dovolenkov\u00fdm obdob\u00edm, \u010dasom oddychu, pokoja a najm\u00e4 je to \u010das, ktor\u00fd chce ka\u017ed\u00fd rodi\u010d str\u00e1vi\u0165 so svojim die\u0165a\u0165om. Nielen rodi\u010d, ale hlavne die\u0165a si t\u00fa\u017ei rozbali\u0165 viano\u010dn\u00e9 dar\u010deky tak s otcom ako aj s matkou, t\u00fa\u017ei si postavi\u0165 snehuliaka \u010di \u00eds\u0165 na ly\u017eova\u010dku alebo piec\u0165 viano\u010dn\u00e9 kol\u00e1\u010de v pohodl\u00ed domova s obidvomi rodi\u010dmi. Na z\u00e1klade uveden\u00e9ho je v&nbsp;tomto smere rozhodovacia prax poru\u010densk\u00fdch s\u00fadov jednotn\u00e1 a&nbsp;styk rodi\u010da s&nbsp;malolet\u00fdm die\u0165a\u0165om po\u010das viano\u010dn\u00fdch sviatkov (v pr\u00edpade, \u017ee o\u0148 ako opr\u00e1vnen\u00fd rodi\u010d po\u017eiadate) upravuj\u00fa samostatn\u00fdm neodkladn\u00fdm opatren\u00edm.<\/p>\n\n\n\n<p>\u00daprava styku po\u010das viano\u010dn\u00fdch sviatkov je spravidla \u0161ir\u0161ia ako \u00faprav<strong>a styku rodi\u010da s die\u0165a\u0165om po\u010das be\u017en\u00e9ho roka<\/strong>. Rozsah styku po\u010das viano\u010dn\u00fdch sviatkov je vymedzen\u00fd presne ur\u010den\u00fdm \u010dasov\u00fdm obdob\u00edm zoh\u013ead\u0148uj\u00facim term\u00edny \u0161kolsk\u00fdch pr\u00e1zdnin ur\u010den\u00fdch Ministerstvom \u0161kolstva, vedy, v\u00fdskumu a&nbsp;\u0161portu SR (\u010falej len ako \u201e<em>M\u0160 SR<\/em>\u201c) a&nbsp;zverejnen\u00fdch na jeho webovom s\u00eddle<strong>, ktor\u00fd prim\u00e1rne&nbsp;odzrkad\u013euje s\u00favisl\u00fd vo\u013en\u00fd \u010das malolet\u00e9ho die\u0165a\u0165a.&nbsp;<\/strong><\/p>\n\n\n\n<p>Neodkladn\u00e9 opatrenie vo veci \u00fapravy styku rodi\u010da s de\u0165mi po\u010das viano\u010dn\u00fdch sviatkov je mo\u017en\u00e9 nariadi\u0165 s\u00fabe\u017ene s aktu\u00e1lne existuj\u00facim neodkladn\u00fdm opatren\u00edm, ktor\u00fdm m\u00e1te upraven\u00fd styk s de\u0165mi po\u010das be\u017en\u00e9ho roka.<\/p>\n\n\n\n<p>V \u0161kolskom roku 2020\/2021 pod\u013ea ofici\u00e1lne zverejnen\u00fdch inform\u00e1cii M\u0160 SR s\u00fa upraven\u00e9 viano\u010dn\u00e9 sviatky na \u010das od 23. december 2020 do 7. janu\u00e1r 2021. Teda, ak si v neodkladnom opatren\u00ed uprav\u00edte vz\u00e1jomne styk napr\u00edklad a\u017e do 7.1.2021 obnov\u00ed sa vykonate\u013enos\u0165 neodkladn\u00e9ho opatrenia upravuj\u00faceho styk rodi\u010da s&nbsp;malolet\u00fdm die\u0165a\u0165om po\u010das be\u017en\u00e9ho roka &#8211;  a\u017e d\u0148a 8.1.2021.<\/p>\n\n\n\n<p>V pr\u00edpade, \u017ee \u010falej ne\u017eijete v spolo\u010dnej dom\u00e1cnosti s de\u0165mi a m\u00e1te strach \u010di V\u00e1m bude styk s de\u0165mi po\u010das t\u00fdchto v\u00fdnimo\u010dn\u00fdch sviatkov umo\u017enen\u00fd, po\u017eiadajte s\u00fad s dostato\u010dn\u00fdm \u010dasov\u00fdm predstihom o jeho \u00fapravu. <strong> Nerozhodujte sa na posledn\u00fa chv\u00ed\u013eu, nako\u013eko s\u00fad o Va\u0161om n\u00e1vrhu m\u00f4\u017ee rozhodn\u00fa\u0165 a\u017e do 30.-tich dn\u00ed. <\/strong><\/p>\n\n\n\n<p class=\"has-background\" style=\"background-color:#e7a4a4\"><strong>ODPOR\u00da\u010cAME  V\u00c1M, PRETO VEC SKONZULTOVA\u0164 \u010c\u00cdM SK\u00d4R, ABY STE STIHLI PODA\u0164 N\u00c1VRH NA MIESTNE PR\u00cdSLU\u0160N\u00dd S\u00daD V\u010cAS!<\/strong><\/p>\n\n\n\n<p class=\"has-text-align-center has-background\" style=\"background-color:#7395a4\"><strong>Tento \u010dl\u00e1nok nie je pr\u00e1vnou slu\u017ebou, pri\u010dom ka\u017ed\u00fd pr\u00e1vny vz\u0165ah je nevyhnutn\u00e9 pos\u00fadi\u0165 pr\u00e1vne a&nbsp;skutkovo individu\u00e1lne.&nbsp;<strong>Ak m\u00e1te ak\u00e9ko\u013evek \u010fa\u013e\u0161ie ot\u00e1zky a potrebujete poradi\u0165,&nbsp;sme tu pre V\u00e1s. Nev\u00e1hajte n\u00e1s kontaktova\u0165 na e-mailovej adrese:&nbsp;<\/strong><a href=\"mailto:kornhauser@ak-ak.sk\">info@ak-ak.sk<\/a><\/strong><\/p>\n","protected":false},"excerpt":{"rendered":"<p>Neviete sa ako rodi\u010dia dohodn\u00fa\u0165 na styku s de\u0165mi po\u010das viano\u010dn\u00fdch sviatkov? Obaja chcete ma\u0165 deti pri sebe, pr\u00edpadne m\u00e1te strach, \u017ee druh\u00fd rodi\u010d tesne pred sviatkami zmen\u00ed n\u00e1zor a nedodr\u017e\u00ed Va\u0161u \u00fastnu dohodu? V pr\u00edpade, \u017ee nem\u00e1te upraven\u00fd styk s de\u0165mi osobitne aj po\u010das viano\u010dn\u00fdch sviatkov, m\u00e1te mo\u017enos\u0165 po\u017eiada\u0165 s\u00fad o nariadenie neodkladn\u00e9ho opatrenia, [&hellip;]<\/p>\n","protected":false},"author":1,"featured_media":2102,"comment_status":"closed","ping_status":"open","sticky":false,"template":"","format":"standard","meta":[],"categories":[55],"tags":[],"_links":{"self":[{"href":"https:\/\/www.ak-ak.sk\/de\/wp-json\/wp\/v2\/posts\/2101"}],"collection":[{"href":"https:\/\/www.ak-ak.sk\/de\/wp-json\/wp\/v2\/posts"}],"about":[{"href":"https:\/\/www.ak-ak.sk\/de\/wp-json\/wp\/v2\/types\/post"}],"author":[{"embeddable":true,"href":"https:\/\/www.ak-ak.sk\/de\/wp-json\/wp\/v2\/users\/1"}],"replies":[{"embeddable":true,"href":"https:\/\/www.ak-ak.sk\/de\/wp-json\/wp\/v2\/comments?post=2101"}],"version-history":[{"count":4,"href":"https:\/\/www.ak-ak.sk\/de\/wp-json\/wp\/v2\/posts\/2101\/revisions"}],"predecessor-version":[{"id":2112,"href":"https:\/\/www.ak-ak.sk\/de\/wp-json\/wp\/v2\/posts\/2101\/revisions\/2112"}],"wp:featuredmedia":[{"embeddable":true,"href":"https:\/\/www.ak-ak.sk\/de\/wp-json\/wp\/v2\/media\/2102"}],"wp:attachment":[{"href":"https:\/\/www.ak-ak.sk\/de\/wp-json\/wp\/v2\/media?parent=2101"}],"wp:term":[{"taxonomy":"category","embeddable":true,"href":"https:\/\/www.ak-ak.sk\/de\/wp-json\/wp\/v2\/categories?post=2101"},{"taxonomy":"post_tag","embeddable":true,"href":"https:\/\/www.ak-ak.sk\/de\/wp-json\/wp\/v2\/tags?post=2101"}],"curies":[{"name":"wp","href":"https:\/\/api.w.org\/{rel}","templated":true}]}}