{"id":2113,"date":"2020-11-03T16:35:47","date_gmt":"2020-11-03T15:35:47","guid":{"rendered":"https:\/\/www.ak-ak.sk\/?p=2113"},"modified":"2023-04-24T08:54:08","modified_gmt":"2023-04-24T06:54:08","slug":"pandemicky-rodicovsky-prispevok-bol-obnoveny-od-1-11-2020","status":"publish","type":"post","link":"https:\/\/www.ak-ak.sk\/de\/pandemicky-rodicovsky-prispevok-bol-obnoveny-od-1-11-2020\/","title":{"rendered":"Pandemick\u00fd rodi\u010dovsk\u00fd pr\u00edspevok bol obnoven\u00fd od 1.11.2020."},"content":{"rendered":"\n<p><strong>Od 1.11.2020 m\u00e1te op\u00e4\u0165 n\u00e1rok na tzv. pandemick\u00fd rodi\u010dovsk\u00fd pr\u00edspevok z&nbsp;d\u00f4vodu zhor\u0161enia pand\u00e9mie COVID-19.&nbsp;<\/strong><\/p>\n\n\n\n<p class=\"has-cyan-bluish-gray-background-color has-background\"><strong>Kto m\u00e1 na neho n\u00e1rok?<\/strong><\/p>\n\n\n\n<p>Opr\u00e1vnen\u00e1 osoba,&nbsp;<strong>ktorej v&nbsp;\u010dase trvania kr\u00edzovej situ\u00e1cie zanikne n\u00e1rok na rodi\u010dovsk\u00fd pr\u00edspevok z d\u00f4vodu<\/strong>, \u017ee&nbsp;<\/p>\n\n\n\n<ul><li>jeho die\u0165a dov\u0155\u0161ilo tri roky veku alebo&nbsp;<\/li><li>\u0161es\u0165 rokov veku, ak ide o die\u0165a s<br>dlhodobo nepriazniv\u00fdm zdravotn\u00fdm stavom alebo&nbsp;<\/li><li>ak ide o die\u0165a, ktor\u00e9 je zveren\u00e9 do starostlivosti nahr\u00e1dzaj\u00facej starostlivos\u0165 rodi\u010dov, alebo ak uplynuli tri roky od pr\u00e1voplatnosti prv\u00e9ho rozhodnutia o zveren\u00ed die\u0165a\u0165a do starostlivosti opr\u00e1vnenej osoby.<\/li><\/ul>\n\n\n\n<p class=\"has-cyan-bluish-gray-background-color has-background\"><strong>Odkedy m\u00e1te n\u00e1rok na pandemick\u00fd rodi\u010dovsk\u00fd pr\u00edspevok?&nbsp;<\/strong><\/p>\n\n\n\n<p>Od kalend\u00e1rneho mesiaca&nbsp;<strong>nasleduj\u00faceho<\/strong>&nbsp;po kalend\u00e1rnom mesiaci, v ktorom zanikol n\u00e1rok na rodi\u010dovsk\u00fd pr\u00edspevok.&nbsp;<\/p>\n\n\n\n<p class=\"has-cyan-bluish-gray-background-color has-background\"><strong>Kedy nem\u00e1te n\u00e1rok na pandemick\u00fd rodi\u010dovsk\u00fd pr\u00edspevok?<\/strong><\/p>\n\n\n\n<p><strong>Ak m\u00e1te<\/strong><strong>&nbsp;<\/strong><\/p>\n\n\n\n<ul><li>pr\u00edjem zo z\u00e1vislej \u010dinnosti,&nbsp;<\/li><li>pr\u00edjem z podnikania a z inej samostatnej z\u00e1robkovej \u010dinnosti, alebo&nbsp;<\/li><li>ste poberate\u013emi d\u00e1vky soci\u00e1lneho poistenia (napr\u00edklad matersk\u00e9, d\u00e1vka v nezamestnanosti, o\u0161etrovn\u00e9), d\u00f4chodku starobn\u00e9ho d\u00f4chodkov\u00e9ho sporenia, d\u00f4chodku doplnkov\u00e9ho d\u00f4chodkov\u00e9ho sporenia, d\u00e1vky soci\u00e1lneho zabezpe\u010denia alebo&nbsp;<\/li><li>pr\u00edspevku na opatrovanie alebo&nbsp;<\/li><li>m\u00e1te n\u00e1rok na poskytovanie rodi\u010dovsk\u00e9ho pr\u00edspevku v&nbsp;zmysle z\u00e1kona na in\u00e9 die\u0165a.<\/li><\/ul>\n\n\n\n<p class=\"has-text-align-center has-background\" style=\"background-color:#5794ae\"><strong>Tento \u010dl\u00e1nok nie je pr\u00e1vnou slu\u017ebou, pri\u010dom ka\u017ed\u00fd pr\u00e1vny vz\u0165ah je nevyhnutn\u00e9 pos\u00fadi\u0165 pr\u00e1vne a&nbsp;skutkovo individu\u00e1lne.&nbsp;<strong>Ak m\u00e1te ak\u00e9ko\u013evek \u010fa\u013e\u0161ie ot\u00e1zky a potrebujete poradi\u0165,&nbsp;sme tu pre V\u00e1s. Nev\u00e1hajte n\u00e1s kontaktova\u0165 na e-mailovej adrese:&nbsp;<\/strong><a href=\"mailto:kornhauser@ak-ak.sk\">info@ak-ak.sk<\/a><\/strong><\/p>\n","protected":false},"excerpt":{"rendered":"<p>Od 1.11.2020 m\u00e1te op\u00e4\u0165 n\u00e1rok na tzv. pandemick\u00fd rodi\u010dovsk\u00fd pr\u00edspevok z&nbsp;d\u00f4vodu zhor\u0161enia pand\u00e9mie COVID-19.&nbsp; Kto m\u00e1 na neho n\u00e1rok? Opr\u00e1vnen\u00e1 osoba,&nbsp;ktorej v&nbsp;\u010dase trvania kr\u00edzovej situ\u00e1cie zanikne n\u00e1rok na rodi\u010dovsk\u00fd pr\u00edspevok z d\u00f4vodu, \u017ee&nbsp; jeho die\u0165a dov\u0155\u0161ilo tri roky veku alebo&nbsp; \u0161es\u0165 rokov veku, ak ide o die\u0165a sdlhodobo nepriazniv\u00fdm zdravotn\u00fdm stavom alebo&nbsp; ak ide o [&hellip;]<\/p>\n","protected":false},"author":1,"featured_media":2115,"comment_status":"closed","ping_status":"open","sticky":false,"template":"","format":"standard","meta":[],"categories":[55],"tags":[],"_links":{"self":[{"href":"https:\/\/www.ak-ak.sk\/de\/wp-json\/wp\/v2\/posts\/2113"}],"collection":[{"href":"https:\/\/www.ak-ak.sk\/de\/wp-json\/wp\/v2\/posts"}],"about":[{"href":"https:\/\/www.ak-ak.sk\/de\/wp-json\/wp\/v2\/types\/post"}],"author":[{"embeddable":true,"href":"https:\/\/www.ak-ak.sk\/de\/wp-json\/wp\/v2\/users\/1"}],"replies":[{"embeddable":true,"href":"https:\/\/www.ak-ak.sk\/de\/wp-json\/wp\/v2\/comments?post=2113"}],"version-history":[{"count":2,"href":"https:\/\/www.ak-ak.sk\/de\/wp-json\/wp\/v2\/posts\/2113\/revisions"}],"predecessor-version":[{"id":3077,"href":"https:\/\/www.ak-ak.sk\/de\/wp-json\/wp\/v2\/posts\/2113\/revisions\/3077"}],"wp:featuredmedia":[{"embeddable":true,"href":"https:\/\/www.ak-ak.sk\/de\/wp-json\/wp\/v2\/media\/2115"}],"wp:attachment":[{"href":"https:\/\/www.ak-ak.sk\/de\/wp-json\/wp\/v2\/media?parent=2113"}],"wp:term":[{"taxonomy":"category","embeddable":true,"href":"https:\/\/www.ak-ak.sk\/de\/wp-json\/wp\/v2\/categories?post=2113"},{"taxonomy":"post_tag","embeddable":true,"href":"https:\/\/www.ak-ak.sk\/de\/wp-json\/wp\/v2\/tags?post=2113"}],"curies":[{"name":"wp","href":"https:\/\/api.w.org\/{rel}","templated":true}]}}