{"id":3118,"date":"2021-02-10T13:54:51","date_gmt":"2021-02-10T12:54:51","guid":{"rendered":"https:\/\/www.ak-ak.sk\/?p=3118"},"modified":"2023-04-24T08:54:22","modified_gmt":"2023-04-24T06:54:22","slug":"vyssia-vymera-dovolenky-pre-rodicov","status":"publish","type":"post","link":"https:\/\/www.ak-ak.sk\/de\/vyssia-vymera-dovolenky-pre-rodicov\/","title":{"rendered":"Vy\u0161\u0161ia v\u00fdmera dovolenky pre rodi\u010dov!"},"content":{"rendered":"\n<p><strong>D\u0148a 4.2.2021 parlament schv\u00e1lil novelu Z\u00e1konn\u00edka pr\u00e1ce, ktorou doplnil zmeny prijat\u00e9 po\u010das uplynul\u00e9ho roka a&nbsp;upresnil doteraj\u0161ie nejasnosti pri n\u00e1roku na vy\u0161\u0161iu v\u00fdmeru dovolenky pre rodi\u010dov.&nbsp;<\/strong>Novela by mala nadobudn\u00fa\u0165 \u00fa\u010dinnos\u0165 d\u0148a 1.3.2021. (\u010cak\u00e1 sa e\u0161te na podpis prezidentky SR.)<\/p>\n\n\n\n<p class=\"has-cyan-bluish-gray-background-color has-background\"><strong>\u010co mus\u00edte splni\u0165, aby ste mali n\u00e1rok na viac dovolenky? <\/strong><\/p>\n\n\n\n<p>Dnes je z\u00e1kladn\u00e1 v\u00fdmera dovolenky za kalend\u00e1rny rok stanoven\u00e1 na min. 4 t\u00fd\u017edne s&nbsp;t\u00fdm, \u017ee zamestnanec, ktor\u00fd do konca kalend\u00e1rneho roka dov\u0155\u0161i 33 rokov, m\u00e1 n\u00e1rok na 5 t\u00fd\u017ed\u0148ov dovolenky.<\/p>\n\n\n\n<p>Pod\u013ea novely Z\u00e1konn\u00edka pr\u00e1ce sa zamestnancom trvale sa staraj\u00facim o die\u0165a na \u00fa\u010dely Z\u00e1konn\u00edka pr\u00e1ce rozumie:<\/p>\n\n\n\n<ul><li>zamestnanec, ktor\u00fd sa OSOBNE star\u00e1 o vlastn\u00e9 neplnolet\u00e9 die\u0165a vr\u00e1tane striedavej osobnej starostlivosti obidvoch rodi\u010dov, a<\/li><li>zamestnanec, ktor\u00fd sa osobne star\u00e1 o neplnolet\u00e9 die\u0165a zveren\u00e9 mu do starostlivosti nahr\u00e1dzaj\u00facej starostlivos\u0165 rodi\u010dov na z\u00e1klade rozhodnutia s\u00fadu.&nbsp;<\/li><\/ul>\n\n\n\n<p class=\"has-cyan-bluish-gray-background-color has-background\"><strong>Ako preuk\u00e1\u017eete n\u00e1rok na viac dovolenky?<\/strong><\/p>\n\n\n\n<p>Zamestn\u00e1vate\u013eovi mus\u00edte p\u00edsomne ozn\u00e1mi\u0165<strong>, \u017ee sa trvale star\u00e1 o die\u0165a pod\u013ea vy\u0161\u0161ie uveden\u00e9ho. <\/strong><\/p>\n\n\n\n<p><strong>N\u00e1rok na vy\u0161\u0161iu v\u00fdmeru dovolenky V\u00e1m zanik\u00e1 d\u0148om, ke\u010f sa prestanete trvale stara\u0165 o die\u0165a pod\u013ea vy\u0161\u0161ie uveden\u00e9ho.&nbsp;<\/strong>Aj z\u00e1nik trvalej starostlivosti o die\u0165a ste ako zamestnanec&nbsp;<strong>povinn\u00fd<\/strong>&nbsp;p\u00edsomne ozn\u00e1mi\u0165 zamestn\u00e1vate\u013eovi bez zbyto\u010dn\u00e9ho odkladu.<\/p>\n\n\n\n<p class=\"has-cyan-bluish-gray-background-color has-background\"><strong>Budete ma\u0165 n\u00e1rok na 5 t\u00fd\u017ed\u0148ov dovolenky obaja rodi\u010dia? <\/strong><\/p>\n\n\n\n<p>\u00c1NO, ak ste obaja zamestnan\u00ed, m\u00e1te menej ako 33 rokov a s\u00fa\u010dasne sa trvalo star\u00e1te o die\u0165a.<\/p>\n\n\n\n<p>Ak spolu ne\u017eijete v spolo\u010dnej dom\u00e1cnosti, je potrebn\u00e9, aby ten rodi\u010d, ktor\u00fd s die\u0165a\u0165om ne\u017eije v spolo\u010dnej dom\u00e1cnosti preuk\u00e1zal, \u017ee sa o die\u0165a trvalo star\u00e1.&nbsp;<\/p>\n\n\n\n<p>POZOR! <strong>Nesta\u010d\u00ed v tomto pr\u00edpade iba stret\u00e1vanie sa s die\u0165a\u0165om<\/strong> (napr\u00edklad, ak m\u00e1te s\u00fadom ur\u010den\u00fd styk v rozsudku alebo v uznesen\u00ed).<\/p>\n\n\n\n<p>Pri striedavej osobnej starostlivosti je splnen\u00e1 podmienka trvalej starostlivosti o die\u0165a a n\u00e1roku na 5 t\u00fd\u017ed\u0148ov dovolenky u oboch rodi\u010dov.<\/p>\n\n\n\n<p class=\"has-cyan-bluish-gray-background-color has-background\"><strong>\u010co v pr\u00edpade, \u017ee sa V\u00e1m narod\u00ed die\u0165atko v priebehu kalend\u00e1rneho roka? <\/strong><\/p>\n\n\n\n<p>V zmysle novely Z\u00e1konn\u00edka pr\u00e1ce:&nbsp;\u201e<em>Zamestnancovi, ktor\u00fd sa za\u010dne alebo prestane trvale stara\u0165 o die\u0165a v priebehu kalend\u00e1rneho roka, zv\u00fd\u0161enie dovolenky za kalend\u00e1rny rok pod\u013ea prvej vety nad r\u00e1mec z\u00e1kladnej v\u00fdmery dovolenky pod\u013ea odseku 1 patr\u00ed v pomernom rozsahu ur\u010denom ako podiel po\u010dtu dn\u00ed trvalej starostlivosti o die\u0165a v pr\u00edslu\u0161nom kalend\u00e1rnom roku a po\u010dtu dn\u00ed kalend\u00e1rneho roka<\/em>.\u201c<\/p>\n\n\n\n<p class=\"has-background\" style=\"background-color:#5598b5\"><strong>Tento \u010dl\u00e1nok nie je pr\u00e1vnou slu\u017ebou, pri\u010dom ka\u017ed\u00fd pr\u00e1vny vz\u0165ah je nevyhnutn\u00e9 pos\u00fadi\u0165 pr\u00e1vne a&nbsp;skutkovo individu\u00e1lne.&nbsp;<strong>Ak m\u00e1te ak\u00e9ko\u013evek \u010fa\u013e\u0161ie ot\u00e1zky a potrebujete poradi\u0165,&nbsp;sme tu pre V\u00e1s. Nev\u00e1hajte n\u00e1s kontaktova\u0165 na e-mailovej adrese:&nbsp;<\/strong><a href=\"mailto:kornhauser@ak-ak.sk\">info@ak-ak.sk<\/a><\/strong><\/p>\n","protected":false},"excerpt":{"rendered":"<p>D\u0148a 4.2.2021 parlament schv\u00e1lil novelu Z\u00e1konn\u00edka pr\u00e1ce, ktorou doplnil zmeny prijat\u00e9 po\u010das uplynul\u00e9ho roka a&nbsp;upresnil doteraj\u0161ie nejasnosti pri n\u00e1roku na vy\u0161\u0161iu v\u00fdmeru dovolenky pre rodi\u010dov.&nbsp;Novela by mala nadobudn\u00fa\u0165 \u00fa\u010dinnos\u0165 d\u0148a 1.3.2021. (\u010cak\u00e1 sa e\u0161te na podpis prezidentky SR.) \u010co mus\u00edte splni\u0165, aby ste mali n\u00e1rok na viac dovolenky? Dnes je z\u00e1kladn\u00e1 v\u00fdmera dovolenky za kalend\u00e1rny [&hellip;]<\/p>\n","protected":false},"author":1,"featured_media":2345,"comment_status":"closed","ping_status":"open","sticky":true,"template":"","format":"standard","meta":[],"categories":[59],"tags":[],"_links":{"self":[{"href":"https:\/\/www.ak-ak.sk\/de\/wp-json\/wp\/v2\/posts\/3118"}],"collection":[{"href":"https:\/\/www.ak-ak.sk\/de\/wp-json\/wp\/v2\/posts"}],"about":[{"href":"https:\/\/www.ak-ak.sk\/de\/wp-json\/wp\/v2\/types\/post"}],"author":[{"embeddable":true,"href":"https:\/\/www.ak-ak.sk\/de\/wp-json\/wp\/v2\/users\/1"}],"replies":[{"embeddable":true,"href":"https:\/\/www.ak-ak.sk\/de\/wp-json\/wp\/v2\/comments?post=3118"}],"version-history":[{"count":3,"href":"https:\/\/www.ak-ak.sk\/de\/wp-json\/wp\/v2\/posts\/3118\/revisions"}],"predecessor-version":[{"id":3123,"href":"https:\/\/www.ak-ak.sk\/de\/wp-json\/wp\/v2\/posts\/3118\/revisions\/3123"}],"wp:featuredmedia":[{"embeddable":true,"href":"https:\/\/www.ak-ak.sk\/de\/wp-json\/wp\/v2\/media\/2345"}],"wp:attachment":[{"href":"https:\/\/www.ak-ak.sk\/de\/wp-json\/wp\/v2\/media?parent=3118"}],"wp:term":[{"taxonomy":"category","embeddable":true,"href":"https:\/\/www.ak-ak.sk\/de\/wp-json\/wp\/v2\/categories?post=3118"},{"taxonomy":"post_tag","embeddable":true,"href":"https:\/\/www.ak-ak.sk\/de\/wp-json\/wp\/v2\/tags?post=3118"}],"curies":[{"name":"wp","href":"https:\/\/api.w.org\/{rel}","templated":true}]}}