{"id":1909,"date":"2020-04-13T10:19:52","date_gmt":"2020-04-13T08:19:52","guid":{"rendered":"https:\/\/www.ak-ak.sk\/?p=1909"},"modified":"2023-04-24T08:18:51","modified_gmt":"2023-04-24T06:18:51","slug":"zivnost-mozete-teraz-pozastavit-aj-na-menej-ako-6-mesiacov","status":"publish","type":"post","link":"https:\/\/www.ak-ak.sk\/en\/zivnost-mozete-teraz-pozastavit-aj-na-menej-ako-6-mesiacov\/","title":{"rendered":"\u017divnos\u0165 m\u00f4\u017eete teraz pozastavi\u0165 aj na menej ako 6 mesiacov."},"content":{"rendered":"\n<p>Od 9.4.2020 plat\u00ed novela \u017eivnostensk\u00e9ho z\u00e1kona, v zmysle ktorej <strong>po\u010das trvania mimoriadnej situ\u00e1cie, n\u00fadzov\u00e9ho stavu alebo v\u00fdnimo\u010dn\u00e9ho stavu vyhl\u00e1sen\u00e9ho v s\u00favislosti s ochoren\u00edm koronav\u00edrusu neplat\u00ed, \u017ee pozastavenie \u017eivnosti nesmie by\u0165 krat\u0161ie ako 6 mesiacov.&nbsp;<\/strong><\/p>\n\n\n\n<p><em>Na ak\u00fa najkrat\u0161iu dobu si m\u00f4\u017eem preru\u0161i\u0165 \u017eivnos\u0165 po\u010das koronav\u00edrusu?<\/em><\/p>\n\n\n\n<p>Po\u010das trvania mimoriadnej situ\u00e1cie, n\u00fadzov\u00e9ho stavu alebo v\u00fdnimo\u010dn\u00e9ho stavu vyhl\u00e1sen\u00e9ho v s\u00favislosti s ochoren\u00edm koronav\u00edrusu m\u00f4\u017eete v\u00fdnimo\u010dne pozastavi\u0165 prev\u00e1dzkovanie Va\u0161ej \u017eivnosti aj na dobu krat\u0161iu ako 6 mesiacov. Prev\u00e1dzkovanie \u017eivnosti m\u00f4\u017eete pozastavi\u0165 napr\u00edklad na mesiac alebo 3 t\u00fd\u017edne alebo inak pod\u013ea V\u00e1\u0161ho rozhodnutia (maxim\u00e1lne je v\u0161ak \u017eivnos\u0165 mo\u017en\u00e9 preru\u0161i\u0165 na 3 roky).&nbsp;<\/p>\n\n\n\n<p><em>\u010co znamen\u00e1 pozastavenie prev\u00e1dzkovania \u017eivnosti?&nbsp;<\/em><\/p>\n\n\n\n<p>Po\u010das obdobia pozastavenia \u017eivnosti nie ste opr\u00e1vnen\u00fd vykon\u00e1va\u0165 podnikate\u013esk\u00fa \u010dinnos\u0165 v&nbsp;zmysle \u017eivnostensk\u00fdch opr\u00e1vnen\u00ed.<\/p>\n\n\n\n<p><em>Pre\u010do m\u00f4\u017ee by\u0165 pozastavenie \u017eivnosti pre V\u00e1s v\u00fdhodn\u00e9?<\/em><\/p>\n\n\n\n<p>Po\u010das pozastavenia \u017eivnosti nie ste povinn\u00fd hradi\u0165 <strong>zdravotn\u00e9 poistenie z tejto \u017eivnosti,&nbsp;soci\u00e1lne poistenie a&nbsp;ani preddavky na da\u0148 z pr\u00edjmov.<\/strong> V pr\u00edpade pozastavenia \u017eivnosti \u00fahrady ako zdravotn\u00e9 poistenie,&nbsp;soci\u00e1lne poistenie a preddavky na da\u0148 z pr\u00edjmov <strong>nie ste povinn\u00ed po obnoven\u00ed \u017eivnosti doplati\u0165.&nbsp;<\/strong><\/p>\n\n\n\n<p><em>M\u00e1m aj in\u00e9 mo\u017enosti?&nbsp;<\/em><\/p>\n\n\n\n<p>Vl\u00e1da prijala aj \u010fal\u0161ie ekonomick\u00e9 opatreniana zmiernenie d\u00f4sledkov pand\u00e9mie koronav\u00edrusu pre podnikate\u013eov. Vl\u00e1da sa zamerala i priamo na \u017eivnostn\u00edkov, ktor\u00fdm maj\u00fa mo\u017enos\u0165 po\u017eiada\u0165 o odklad platby odvodov pri poklese tr\u017eieb o viac ako 40 % (za marec 2020 na 31.7.2020) alebo&nbsp; po\u017eiada\u0165 o pr\u00edspevok pre S\u017d\u010cO, ktor\u00fdm poklesli tr\u017eby. &nbsp;<\/p>\n\n\n\n<p><em>M\u00f4\u017eem pobera\u0165 pr\u00edspevok \u0161t\u00e1tu pri poklese tr\u017eieb, ak m\u00e1m pozastaven\u00fa \u017eivnos\u0165?&nbsp;<\/em><\/p>\n\n\n\n<p>NIE. Ak sa rozhodnete si \u017eivnos\u0165 pozastavi\u0165, nie ste opr\u00e1vnen\u00fd s\u00fa\u010dasne pobera\u0165 pr\u00edspevok \u0161t\u00e1tu v \u010dase pand\u00e9mie koronav\u00edrusu. Jednou z podmienok poberania pr\u00edspevku \u0161t\u00e1tu je toti\u017eto t\u00e1 skuto\u010dnos\u0165, \u017ee nesmiete ma\u0165 uzatvoren\u00fd pracovn\u00fd pomer <strong>a nesmiete ma\u0165 zru\u0161en\u00fa alebo pozastaven\u00fa \u017eivnos\u0165. <\/strong>Rozmyslite si preto, \u010di budete pobera\u0165 pr\u00edspevok \u0161t\u00e1tu pri poklese tr\u017eieb alebo rad\u0161ej do\u010dasne pozastav\u00edte svoju \u017eivnos\u0165 a zbav\u00edte sa tak \u00fahradovej povinnosti odvodov.<\/p>\n\n\n\n<p><em>Kde m\u00f4\u017eem ozn\u00e1mi\u0165 pozastavenie prev\u00e1dzkovania \u017eivnosti?&nbsp;<\/em><\/p>\n\n\n\n<p>Pozastavenie m\u00f4\u017eete ozn\u00e1mi\u0165, bu\u010f p\u00edsomne &#8211; na okresnom \u00farade, odbore \u017eivnostensk\u00e9ho podnikania<strong>, <\/strong>ktor\u00fd je V\u00e1m ako podnikate\u013eovi miestne pr\u00edslu\u0161n\u00fd pod\u013ea jeho bydliska. Alebo m\u00f4\u017eete poda\u0165 \u017eiados\u0165 elekronicky. Na elektronick\u00e9 podanie \u017eiadosti potrebujete ma\u0165 aktivovan\u00fa elektronick\u00fa schr\u00e1nku a n\u00e1sledne prostredn\u00edctvom port\u00e1lu <a href=\"http:\/\/slovensko.sk\">www.slovensko.sk<\/a> m\u00f4\u017eete poda\u0165 \u017eiados\u0165 o pozastavenie \u017eivnosti.&nbsp;<\/p>\n\n\n\n<p><strong>Po\u010das pand\u00e9mie koronav\u00edrusu odpor\u00fa\u010dame vyu\u017ei\u0165 elektronick\u00e9 slu\u017eby a mo\u017enos\u0165 bezkontaktn\u00e9ho podania \u017eiadosti, a to i z d\u00f4vodu obmedzen\u00fdch \u00faradn\u00fdch hod\u00edn na pr\u00edslu\u0161n\u00fdch \u00faradoch.<\/strong><\/p>\n\n\n\n<p class=\"has-text-align-center has-background\" style=\"background-color:#85afc1\"><strong>Ak m\u00e1te ak\u00e9ko\u013evek \u010fa\u013e\u0161ie ot\u00e1zky a potrebujete sa poradi\u0165 z d\u00f4vodu&nbsp; nepriaznivej situ\u00e1cii sp\u00f4sobenej koronav\u00edrusom,&nbsp;sme tu pre V\u00e1s. Nev\u00e1hajte n\u00e1s kontaktova\u0165 na e-mailovej adrese:&nbsp;<a href=\"mailto:absolonova@ak-ak.sk\">absolonova@ak-ak.sk<\/a>,&nbsp;<a href=\"mailto:kornhauser@ak-ak.sk\">kornhauser@ak-ak.sk<\/a><\/strong><\/p>\n","protected":false},"excerpt":{"rendered":"<p>Od 9.4.2020 plat\u00ed novela \u017eivnostensk\u00e9ho z\u00e1kona, v zmysle ktorej po\u010das trvania mimoriadnej situ\u00e1cie, n\u00fadzov\u00e9ho stavu alebo v\u00fdnimo\u010dn\u00e9ho stavu vyhl\u00e1sen\u00e9ho v s\u00favislosti s ochoren\u00edm koronav\u00edrusu neplat\u00ed, \u017ee pozastavenie \u017eivnosti nesmie by\u0165 krat\u0161ie ako 6 mesiacov.&nbsp; Na ak\u00fa najkrat\u0161iu dobu si m\u00f4\u017eem preru\u0161i\u0165 \u017eivnos\u0165 po\u010das koronav\u00edrusu? Po\u010das trvania mimoriadnej situ\u00e1cie, n\u00fadzov\u00e9ho stavu alebo v\u00fdnimo\u010dn\u00e9ho stavu vyhl\u00e1sen\u00e9ho v [&hellip;]<\/p>\n","protected":false},"author":1,"featured_media":1912,"comment_status":"closed","ping_status":"closed","sticky":false,"template":"","format":"standard","meta":[],"categories":[60],"tags":[],"_links":{"self":[{"href":"https:\/\/www.ak-ak.sk\/en\/wp-json\/wp\/v2\/posts\/1909"}],"collection":[{"href":"https:\/\/www.ak-ak.sk\/en\/wp-json\/wp\/v2\/posts"}],"about":[{"href":"https:\/\/www.ak-ak.sk\/en\/wp-json\/wp\/v2\/types\/post"}],"author":[{"embeddable":true,"href":"https:\/\/www.ak-ak.sk\/en\/wp-json\/wp\/v2\/users\/1"}],"replies":[{"embeddable":true,"href":"https:\/\/www.ak-ak.sk\/en\/wp-json\/wp\/v2\/comments?post=1909"}],"version-history":[{"count":3,"href":"https:\/\/www.ak-ak.sk\/en\/wp-json\/wp\/v2\/posts\/1909\/revisions"}],"predecessor-version":[{"id":3443,"href":"https:\/\/www.ak-ak.sk\/en\/wp-json\/wp\/v2\/posts\/1909\/revisions\/3443"}],"wp:featuredmedia":[{"embeddable":true,"href":"https:\/\/www.ak-ak.sk\/en\/wp-json\/wp\/v2\/media\/1912"}],"wp:attachment":[{"href":"https:\/\/www.ak-ak.sk\/en\/wp-json\/wp\/v2\/media?parent=1909"}],"wp:term":[{"taxonomy":"category","embeddable":true,"href":"https:\/\/www.ak-ak.sk\/en\/wp-json\/wp\/v2\/categories?post=1909"},{"taxonomy":"post_tag","embeddable":true,"href":"https:\/\/www.ak-ak.sk\/en\/wp-json\/wp\/v2\/tags?post=1909"}],"curies":[{"name":"wp","href":"https:\/\/api.w.org\/{rel}","templated":true}]}}