{"id":1936,"date":"2020-04-29T11:24:19","date_gmt":"2020-04-29T09:24:19","guid":{"rendered":"https:\/\/www.ak-ak.sk\/?p=1936"},"modified":"2023-04-24T08:21:30","modified_gmt":"2023-04-24T06:21:30","slug":"medzinarodny-unos-dietata","status":"publish","type":"post","link":"https:\/\/www.ak-ak.sk\/en\/medzinarodny-unos-dietata\/","title":{"rendered":"Medzin\u00e1rodn\u00fd \u00fanos die\u0165a\u0165a"},"content":{"rendered":"\n<p>Migr\u00e1cia obyvate\u013estva a cezhrani\u010dn\u00e9 partnerstv\u00e1 prin\u00e1\u0161aj\u00fa \u010doraz viac medzin\u00e1rodn\u00fdch \u00fanosov det\u00ed, kedy sa jeden z rodi\u010dov rozhodne opusti\u0165 miesto obvykl\u00e9ho pobytu malolet\u00e9ho die\u0165a\u0165a a premiestni sa s n\u00edm na \u00fazemie in\u00e9ho \u0161t\u00e1tu, kde m\u00e1 lep\u0161ie finan\u010dn\u00e9 a soci\u00e1lne z\u00e1zemie, rodi\u010dov a kamar\u00e1tov z detstva.<\/p>\n\n\n\n<p>Tento rodi\u010d kon\u00e1 vo v\u00e4\u010d\u0161ine pr\u00edpadov jednostranne a bez predch\u00e1dzaj\u00faceho s\u00fahlasu druh\u00e9ho rodi\u010da, \u010d\u00edm obmedz\u00ed druh\u00e9ho rodi\u010da nielen na pravidelnom kontakte s die\u0165a\u0165om, ale \u010dasto ho \u00faplne vyl\u00fa\u010di z be\u017en\u00e9ho \u017eivota die\u0165a\u0165a. V tejto s\u00favislosti je rodi\u010d, ktor\u00fd premiestni die\u0165a za hranice \u0161t\u00e1tu jeho obvykl\u00e9ho pobytu pova\u017eovan\u00fd za \u00fanoscu.<\/p>\n\n\n\n<p class=\"has-cyan-bluish-gray-background-color has-background\"><strong>\u010co je to medzin\u00e1rodn\u00fd \u00fanos die\u0165a\u0165a?&nbsp;<\/strong><\/p>\n\n\n\n<p><strong>Medzin\u00e1rodn\u00fdm \u00fanosom die\u0165a\u0165a je n<\/strong><strong>eopr\u00e1vnen\u00e9 premiestnenie alebo neopr\u00e1vnen\u00e9 zadr\u017eiavanie malolet\u00e9ho die\u0165a\u0165a mimo krajiny jeho obvykl\u00e9ho pobytu.<\/strong>&nbsp;<\/p>\n\n\n\n<p>V tejto s\u00favoslisti je potrebn\u00e9 individu\u00e1lne prist\u00fapi\u0165 k pojmu obvykl\u00fd pobyt die\u0165a\u0165a, ke\u010f\u017ee tento nepo\u017e\u00edva leg\u00e1lnu defin\u00edciu a nie je mo\u017en\u00e9 ho sp\u00e1ja\u0165 s trval\u00fdm pobytom die\u0165a\u0165a, prechodn\u00fdm pobytom, n\u00e1rodnos\u0165ou \u010di ob\u010dianstvom die\u0165a\u0165a. Obvykl\u00fd pobyt die\u0165a\u0165a sa ur\u010duje pod\u013ea miesta jeho faktick\u00e9ho pobytu, miesta, kde sa z\u017eilo s prostred\u00edm, vytvorilo si soci\u00e1lne a rodinn\u00e9 v\u00e4zby a malo tu centrum svojich z\u00e1ujmov.<\/p>\n\n\n\n<p class=\"has-cyan-bluish-gray-background-color has-background\"><strong>Dokedy od premiestnenia alebo zadr\u017eania die\u0165a\u0165a m\u00f4\u017eem poda\u0165 n\u00e1vrh na s\u00fad?&nbsp;<\/strong><\/p>\n\n\n\n<p>Do jedn\u00e9ho roka odo d\u0148a neopr\u00e1vnen\u00e9ho premiestnenia alebo zdr\u017eania die\u0165a\u0165a na \u00fazem\u00ed in\u00e9ho \u0161t\u00e1tu. Ak by ste n\u00e1vrh podali nesk\u00f4r s\u00fad by mal spravidla za to, \u017ee sa die\u0165a u\u017e z\u017eilo s&nbsp;nov\u00fdm prostred\u00edm.<\/p>\n\n\n\n<p class=\"has-cyan-bluish-gray-background-color has-background\"><strong>Je podanie n\u00e1vrhu obmedzen\u00e9 vekom die\u0165a\u0165a?<\/strong><\/p>\n\n\n\n<p>V zmysle Haagskeho dohovoru je mo\u017en\u00e9 poda\u0165 \u017eiados\u0165 o&nbsp;nariadenie n\u00e1vratu die\u0165a\u0165a len do <strong>jeho 16.-tich&nbsp;rokov<\/strong>.<\/p>\n\n\n\n<p class=\"has-cyan-bluish-gray-background-color has-background\"><strong>\u010co mus\u00ed n\u00e1vrh na n\u00e1vrat die\u0165a\u0165a obsahova\u0165? &nbsp;<\/strong><\/p>\n\n\n\n<ol><li><strong>Osobn\u00e9 \u00fadaje navrhovate\u013ea <\/strong>\u2013 toho, kto n\u00e1vrh na s\u00fad pod\u00e1va, t.j. rodi\u010da, ktor\u00fd sa dom\u00e1ha nariadenia n\u00e1vratu die\u0165a\u0165a s uveden\u00edm jeho krstn\u00e9ho mena, priezviska, trval\u00e9ho bydliska a \u0161t\u00e1tnej pr\u00edslu\u0161nosti. Rovnako je potrebn\u00e9 uvies\u0165 <strong>osobn\u00e9 \u00fadaje odporcu <\/strong>\u2212 rodi\u010da, ktor\u00fdm je ten, proti ktor\u00e9mu n\u00e1vrh smeruje a ktor\u00fd malolet\u00e9 die\u0165a neopr\u00e1vnene zadr\u017eiava na \u00fazem\u00ed Slovenskej republiky a osobn\u00e9 \u00fadaje malolet\u00e9ho die\u0165a\u0165a,<\/li><li><strong>opis skutkov\u00e9ho stavu<\/strong> &#8211; kedy do\u0161lo k premiestneniu alebo zadr\u017eaniu die\u0165a\u0165a? Za ak\u00fdch okolnost\u00ed k nemu do\u0161lo? Bol udelen\u00fd s\u00fahlas s premiestnen\u00edm alebo zadr\u017ean\u00edm die\u0165a\u0165a? Ak\u00e9 m\u00e1 die\u0165a v\u00e4zby s krajinou obvykl\u00e9ho pobytu? Ak\u00fa dlh\u00fa dobu v tejto krajine die\u0165a \u017eilo? Nav\u0161tevovalo tu \u0161kolu\/ \u0161k\u00f4lku? Malo tu rodinn\u00fdch pr\u00edslu\u0161n\u00edkov, kamar\u00e1tov a pod.? Ovl\u00e1dalo die\u0165a jazyk krajiny obvykl\u00e9ho pobytu? Malo tu zabezpe\u010den\u00fa zdravotn\u00fa starostlivos\u0165? a pod.,<\/li><li>V n\u00e1vrhu by ste \u010falej mali uvies\u0165, ako si predstavujete <strong>\u010fal\u0161iu starostlivos\u0165 o die\u0165a. <\/strong>Ak\u00e9 podmienky mu zabezpe\u010d\u00edte a ako zabezpe\u010d\u00edte celodenn\u00fa starostlivos\u0165 o jeho osobu? Teda ak\u00fa z\u00e1ruku die\u0165a\u0165u poskytnete?&nbsp;<\/li><li>N\u00e1vrh mus\u00ed by\u0165 <strong>podp\u00edsan\u00fd a datovan\u00fd,&nbsp;<\/strong><\/li><li>A je potrebn\u00e9 prilo\u017ei\u0165 i z\u00e1konom ur\u010den\u00e9 <strong>pr\u00edlohy<\/strong>.&nbsp;<\/li><\/ol>\n\n\n\n<p class=\"has-cyan-bluish-gray-background-color has-background\"><strong>Na ak\u00fd s\u00fad m\u00e1m n\u00e1vrh na n\u00e1vrat die\u0165a\u0165a poda\u0165?&nbsp;<\/strong><\/p>\n\n\n\n<p>N\u00e1vrh na n\u00e1vrat die\u0165a\u0165a je mo\u017en\u00e9 poda\u0165 na 3 s\u00fady na \u00fazem\u00ed Slovenskej republiky:&nbsp;<\/p>\n\n\n\n<ol><li>na Okresn\u00fd s\u00fad Bratislava I,&nbsp;<\/li><li>Na Okresn\u00fd s\u00fad Bansk\u00e1 Bystrica,&nbsp;<\/li><li>Na Okresn\u00fd s\u00fad Ko\u0161ice I.&nbsp;<\/li><\/ol>\n\n\n\n<p class=\"has-luminous-vivid-orange-background-color has-background\"><strong>Ako V\u00e1m vieme pom\u00f4c\u0165 my?&nbsp;<\/strong><\/p>\n\n\n\n<p>Poskytneme V\u00e1m komplexn\u00e9 pr\u00e1vne poradenstvo pri zastupovan\u00ed v konan\u00ed o nariadenie n\u00e1vratu malolet\u00e9ho die\u0165a\u0165a do krajiny jeho obvykl\u00e9ho pobytu.&nbsp;<\/p>\n\n\n\n<p class=\"has-background\" style=\"background-color:#eb9840\"><strong>Zabezpe\u010d\u00edme pre V\u00e1s:<\/strong><\/p>\n\n\n\n<ul><li>mimos\u00fadne rokovania s druh\u00fdm rodi\u010dom,<\/li><li>pos\u00fadime \u010di sa jedn\u00e1 o medzin\u00e1rodn\u00fd \u00fanos die\u0165a\u0165a alebo nie,<\/li><li>priprav\u00edme, sp\u00ed\u0161eme a pod\u00e1me za V\u00e1s n\u00e1vrh na s\u00fad na nariadenie n\u00e1vratu,<\/li><li>budeme V\u00e1s zastupova\u0165 po\u010das cel\u00e9ho s\u00fadneho konania a\u017e do pr\u00e1voplatn\u00e9ho skon\u010denia veci.<\/li><\/ul>\n\n\n\n<p class=\"has-very-dark-gray-color has-text-color\">Ako advok\u00e1tska kancel\u00e1ria sa <strong>venujeme i publika\u010dnej \u010dinnosti a vydali sme knihu: <a href=\"https:\/\/www.martinus.sk\/?uItem=316305\">N\u00e1vratov\u00e9 konanie<\/a> (publikovan\u00fa v C.H. Beck &#8211; https:\/\/www.beck.sk\/navratove-konanie )<\/strong>, ktor\u00e1 sa venuje medzin\u00e1rodn\u00fdm \u00fanosom det\u00ed, priebehu konania a rozhodovacej \u010dinnosti s\u00fadov v predmetnej veci. Ku ka\u017ed\u00e9mu klientovi pristupujeme individu\u00e1lne a citlivo s \u00famyslom pom\u00f4c\u0165 die\u0165a\u0165u a zabezpe\u010di\u0165 jeho najlep\u0161\u00ed z\u00e1ujem.&nbsp;<\/p>\n\n\n\n<p class=\"has-text-align-center has-background\" style=\"background-color:#92bbcd\"><strong>Ak m\u00e1te ak\u00e9ko\u013evek \u010fa\u013e\u0161ie ot\u00e1zky a potrebujete poradi\u0165,&nbsp;sme tu pre V\u00e1s. Nev\u00e1hajte n\u00e1s kontaktova\u0165 na e-mailovej adrese:&nbsp;<\/strong><a href=\"mailto:absolonova@ak-ak.sk\">absolonova@ak-ak.sk<\/a><strong>,&nbsp;<\/strong><a href=\"mailto:kornhauser@ak-ak.sk\">kornhauser@ak-ak.sk<\/a><\/p>\n","protected":false},"excerpt":{"rendered":"<p>Migr\u00e1cia obyvate\u013estva a cezhrani\u010dn\u00e9 partnerstv\u00e1 prin\u00e1\u0161aj\u00fa \u010doraz viac medzin\u00e1rodn\u00fdch \u00fanosov det\u00ed, kedy sa jeden z rodi\u010dov rozhodne opusti\u0165 miesto obvykl\u00e9ho pobytu malolet\u00e9ho die\u0165a\u0165a a premiestni sa s n\u00edm na \u00fazemie in\u00e9ho \u0161t\u00e1tu, kde m\u00e1 lep\u0161ie finan\u010dn\u00e9 a soci\u00e1lne z\u00e1zemie, rodi\u010dov a kamar\u00e1tov z detstva. Tento rodi\u010d kon\u00e1 vo v\u00e4\u010d\u0161ine pr\u00edpadov jednostranne a bez predch\u00e1dzaj\u00faceho s\u00fahlasu [&hellip;]<\/p>\n","protected":false},"author":1,"featured_media":1940,"comment_status":"closed","ping_status":"open","sticky":false,"template":"","format":"standard","meta":[],"categories":[55],"tags":[],"_links":{"self":[{"href":"https:\/\/www.ak-ak.sk\/en\/wp-json\/wp\/v2\/posts\/1936"}],"collection":[{"href":"https:\/\/www.ak-ak.sk\/en\/wp-json\/wp\/v2\/posts"}],"about":[{"href":"https:\/\/www.ak-ak.sk\/en\/wp-json\/wp\/v2\/types\/post"}],"author":[{"embeddable":true,"href":"https:\/\/www.ak-ak.sk\/en\/wp-json\/wp\/v2\/users\/1"}],"replies":[{"embeddable":true,"href":"https:\/\/www.ak-ak.sk\/en\/wp-json\/wp\/v2\/comments?post=1936"}],"version-history":[{"count":5,"href":"https:\/\/www.ak-ak.sk\/en\/wp-json\/wp\/v2\/posts\/1936\/revisions"}],"predecessor-version":[{"id":3447,"href":"https:\/\/www.ak-ak.sk\/en\/wp-json\/wp\/v2\/posts\/1936\/revisions\/3447"}],"wp:featuredmedia":[{"embeddable":true,"href":"https:\/\/www.ak-ak.sk\/en\/wp-json\/wp\/v2\/media\/1940"}],"wp:attachment":[{"href":"https:\/\/www.ak-ak.sk\/en\/wp-json\/wp\/v2\/media?parent=1936"}],"wp:term":[{"taxonomy":"category","embeddable":true,"href":"https:\/\/www.ak-ak.sk\/en\/wp-json\/wp\/v2\/categories?post=1936"},{"taxonomy":"post_tag","embeddable":true,"href":"https:\/\/www.ak-ak.sk\/en\/wp-json\/wp\/v2\/tags?post=1936"}],"curies":[{"name":"wp","href":"https:\/\/api.w.org\/{rel}","templated":true}]}}