{"id":1950,"date":"2020-05-05T19:00:05","date_gmt":"2020-05-05T17:00:05","guid":{"rendered":"https:\/\/www.ak-ak.sk\/?p=1950"},"modified":"2023-04-24T08:21:50","modified_gmt":"2023-04-24T06:21:50","slug":"najomne-a-koronavirus-docasna-ochrana-najomcu-odkladom-platieb-najomneho","status":"publish","type":"post","link":"https:\/\/www.ak-ak.sk\/en\/najomne-a-koronavirus-docasna-ochrana-najomcu-odkladom-platieb-najomneho\/","title":{"rendered":"N\u00e1jomn\u00e9 a koronav\u00edrus &#8211; do\u010dasn\u00e1 ochrana n\u00e1jomcu \u201eodkladom platieb n\u00e1jomn\u00e9ho\u201c"},"content":{"rendered":"\n<p>Mnoh\u00ed podnikatelia sa kv\u00f4li pand\u00e9mii koronav\u00edrusu ocitli v ne\u013eahkej situ\u00e1cii, kedy aj napriek povinn\u00e9mu uzatvoreniu prev\u00e1dzok a poklesu tr\u017eieb platia n\u00e1jomn\u00e9. Parlament v tomto podnikate\u013eom \u010diasto\u010dne pomohol a&nbsp;schv\u00e1lil prv\u00fd tzv. <em>\u201elex corona<\/em>\u201c, ktor\u00fdm sa poskytla n\u00e1jomcom do\u010dasn\u00e1 ochrana pri neplaten\u00ed n\u00e1jomn\u00e9ho v&nbsp;obdob\u00ed od 01.04.2020 do 30.06.2020.<\/p>\n\n\n\n<p class=\"has-cyan-bluish-gray-background-color has-background\"><strong>Kto je chr\u00e1nen\u00fd?&nbsp;<\/strong><\/p>\n\n\n\n<p>Ka\u017ed\u00fd n\u00e1jomca bez oh\u013eadu na to, \u010di je predmetom n\u00e1jmu byt alebo nebytov\u00fd priestor. Chr\u00e1nen\u00e9 s\u00fa v\u0161etky druhy n\u00e1jmov, napr\u00edklad: stavby zap\u00edsan\u00e9 aj nezap\u00edsan\u00e9 v katastri nehnute\u013enost\u00ed, ako aj pozemky.<\/p>\n\n\n\n<p class=\"has-cyan-bluish-gray-background-color has-background\"><strong>Ak\u00e9 s\u00fa podmienky ochrany?&nbsp;<\/strong><\/p>\n\n\n\n<p>Podmienky s\u00fa:&nbsp;<\/p>\n\n\n\n<p><strong>ad 1) Ako n\u00e1jomca sa v&nbsp;\u010dase od <\/strong><strong>1.4.2020 do 30.6.2020<\/strong><strong> dostanete do ome\u0161kania s platen\u00edm n\u00e1jomn\u00e9ho vr\u00e1tane in\u00fdch \u00fahrad spojen\u00fdch s platen\u00edm n\u00e1jomu,&nbsp;<\/strong><\/p>\n\n\n\n<p>POZOR!&nbsp;<\/p>\n\n\n\n<p>Ak budete v ome\u0161kan\u00ed s platen\u00edm n\u00e1jomn\u00e9ho alebo platbami s n\u00edm spojen\u00fdmi po 1.7.2020, m\u00e1 prenaj\u00edmate\u013e mo\u017enos\u0165 V\u00e1\u0161 n\u00e1jomn\u00fd vz\u0165ah ukon\u010di\u0165, resp. na toto obdobie sa ochrana n\u00e1jomcu u\u017e nevz\u0165ahuje.&nbsp;<\/p>\n\n\n\n<p><strong>ad 2) Ako n\u00e1jomca sa dostanete do ome\u0161kania s&nbsp;\u00fahradou n\u00e1jmu kv\u00f4li koronav\u00edrusu.<\/strong><\/p>\n\n\n\n<p>Ako n\u00e1jomca ste povinn\u00fd preuk\u00e1za\u0165, \u017ee ste sa do ome\u0161kania dostali pr\u00e1ve a kv\u00f4li pand\u00e9mii koronav\u00edrusu. D\u00f4vodom zapr\u00ed\u010dinen\u00fdm koronav\u00edrusom m\u00f4\u017ee by\u0165 napr\u00edklad to, \u017ee bola Va\u0161a prev\u00e1dzka na z\u00e1klade opatrenia \u00daradu verejn\u00e9ho zdravotn\u00edctva povinne zatvoren\u00e1.<\/p>\n\n\n\n<p class=\"has-cyan-bluish-gray-background-color has-background\"><strong>Ako z\u00edskam ochranu?&nbsp;<\/strong><\/p>\n\n\n\n<p>O&nbsp;ochranu ne\u017eiadate, preto\u017ee t\u00e1 V\u00e1m pri splnen\u00ed podmienok prin\u00e1le\u017e\u00ed priamo zo z\u00e1kona.<\/p>\n\n\n\n<p class=\"has-cyan-bluish-gray-background-color has-background\"><strong>T\u00fdka sa t\u00e1to ochrana aj in\u00fdch platieb ako n\u00e1jomn\u00e9ho?&nbsp;<\/strong><\/p>\n\n\n\n<p>\u00c1NO. Chr\u00e1nen\u00e9 s\u00fa aj platby spojen\u00e9 s u\u017e\u00edvan\u00edm predmetu n\u00e1jmu, ako napr\u00edklad \u00fahrada dod\u00e1viek vody, elektriny, plynu, platby za odpad a pod..&nbsp;<\/p>\n\n\n\n<p class=\"has-cyan-bluish-gray-background-color has-background\"><strong>Ako a&nbsp;pred \u010d\u00edm ma z\u00e1kon chr\u00e1ni?&nbsp;<\/strong><\/p>\n\n\n\n<p>Prenaj\u00edmate\u013e s Vami nem\u00f4\u017ee jednostranne ukon\u010di\u0165 n\u00e1jomn\u00fa zmluvu <strong>do 31.12.2020<\/strong> z d\u00f4vodu V\u00e1\u0161ho platobn\u00e9ho ome\u0161kania s&nbsp;\u00fahradou n\u00e1jmu v&nbsp;obdob\u00ed <strong>od <\/strong><strong>1.4.2020 do 30.6.2020<\/strong>.<\/p>\n\n\n\n<p class=\"has-cyan-bluish-gray-background-color has-background\"><strong>Zanikne mi povinnos\u0165 zaplati\u0165 n\u00e1jomn\u00e9?&nbsp;<\/strong><\/p>\n\n\n\n<p>NIE. Predmetn\u00fd z\u00e1kon n\u00e1jomcu nezbavuje povinnosti plati\u0165 n\u00e1jomn\u00e9, iba zakazuje prenaj\u00edmate\u013eovi jendostrann\u00e9 ukon\u010denie n\u00e1jomnej zmluvy, ak sa n\u00e1jomca nezaplatil n\u00e1jomn\u00e9 splatn\u00e9 <strong>od <\/strong><strong>1.4.2020 do 30.6.2020<\/strong>.&nbsp;<\/p>\n\n\n\n<p class=\"has-cyan-bluish-gray-background-color has-background\"><strong>M\u00f4\u017ee si prenaj\u00edmate\u013e n\u00e1rokova\u0165 \u00faroky z ome\u0161kania?&nbsp;<\/strong><\/p>\n\n\n\n<p>\u00c1NO. Pr\u00e1vo prenaj\u00edmate\u013ea n\u00e1rokova\u0165 si \u00faroky z ome\u0161kania, zmluvn\u00fa pokutu \u010di poplatok z ome\u0161kania prijatou novelou nie je dotknut\u00fd.&nbsp;<\/p>\n\n\n\n<p class=\"has-cyan-bluish-gray-background-color has-background\"><strong>Do kedy mus\u00edm zaplati\u0165 zame\u0161kan\u00e9 n\u00e1jomn\u00e9 ?&nbsp;<\/strong><\/p>\n\n\n\n<p>Prenaj\u00edmate\u013e nem\u00f4\u017ee jednostranne ukon\u010di\u0165 n\u00e1jom nehnute\u013enosti do 31.12.2020. Ochrana n\u00e1jomcu tak trv\u00e1 do konca roka 2020, a&nbsp;preto je potrebn\u00e9 uhradi\u0165 zame\u0161kan\u00e9 n\u00e1jomn\u00e9 najnesk\u00f4r do 31.12.2020.<\/p>\n\n\n\n<p class=\"has-text-align-center has-background\" style=\"background-color:#afcbd7\">Tento \u010dl\u00e1nok nie je pr\u00e1vnou slu\u017ebou, pri\u010dom ka\u017ed\u00fd pr\u00e1vny vz\u0165ah je nevyhnutn\u00e9 pos\u00fadi\u0165&nbsp; pr\u00e1vne a&nbsp;skutkovo individu\u00e1lne. <strong>Ak m\u00e1te ak\u00e9ko\u013evek \u010fa\u013e\u0161ie ot\u00e1zky a potrebujete poradi\u0165,&nbsp;sme tu pre V\u00e1s. Nev\u00e1hajte n\u00e1s kontaktova\u0165 na e-mailovej adrese:&nbsp;<\/strong><a href=\"mailto:kornhauser@ak-ak.sk\">info@ak-ak.sk<\/a><\/p>\n","protected":false},"excerpt":{"rendered":"<p>Mnoh\u00ed podnikatelia sa kv\u00f4li pand\u00e9mii koronav\u00edrusu ocitli v ne\u013eahkej situ\u00e1cii, kedy aj napriek povinn\u00e9mu uzatvoreniu prev\u00e1dzok a poklesu tr\u017eieb platia n\u00e1jomn\u00e9. Parlament v tomto podnikate\u013eom \u010diasto\u010dne pomohol a&nbsp;schv\u00e1lil prv\u00fd tzv. \u201elex corona\u201c, ktor\u00fdm sa poskytla n\u00e1jomcom do\u010dasn\u00e1 ochrana pri neplaten\u00ed n\u00e1jomn\u00e9ho v&nbsp;obdob\u00ed od 01.04.2020 do 30.06.2020. Kto je chr\u00e1nen\u00fd?&nbsp; Ka\u017ed\u00fd n\u00e1jomca bez oh\u013eadu na to, [&hellip;]<\/p>\n","protected":false},"author":1,"featured_media":1952,"comment_status":"closed","ping_status":"open","sticky":false,"template":"","format":"standard","meta":[],"categories":[60],"tags":[],"_links":{"self":[{"href":"https:\/\/www.ak-ak.sk\/en\/wp-json\/wp\/v2\/posts\/1950"}],"collection":[{"href":"https:\/\/www.ak-ak.sk\/en\/wp-json\/wp\/v2\/posts"}],"about":[{"href":"https:\/\/www.ak-ak.sk\/en\/wp-json\/wp\/v2\/types\/post"}],"author":[{"embeddable":true,"href":"https:\/\/www.ak-ak.sk\/en\/wp-json\/wp\/v2\/users\/1"}],"replies":[{"embeddable":true,"href":"https:\/\/www.ak-ak.sk\/en\/wp-json\/wp\/v2\/comments?post=1950"}],"version-history":[{"count":6,"href":"https:\/\/www.ak-ak.sk\/en\/wp-json\/wp\/v2\/posts\/1950\/revisions"}],"predecessor-version":[{"id":3449,"href":"https:\/\/www.ak-ak.sk\/en\/wp-json\/wp\/v2\/posts\/1950\/revisions\/3449"}],"wp:featuredmedia":[{"embeddable":true,"href":"https:\/\/www.ak-ak.sk\/en\/wp-json\/wp\/v2\/media\/1952"}],"wp:attachment":[{"href":"https:\/\/www.ak-ak.sk\/en\/wp-json\/wp\/v2\/media?parent=1950"}],"wp:term":[{"taxonomy":"category","embeddable":true,"href":"https:\/\/www.ak-ak.sk\/en\/wp-json\/wp\/v2\/categories?post=1950"},{"taxonomy":"post_tag","embeddable":true,"href":"https:\/\/www.ak-ak.sk\/en\/wp-json\/wp\/v2\/tags?post=1950"}],"curies":[{"name":"wp","href":"https:\/\/api.w.org\/{rel}","templated":true}]}}