{"id":2052,"date":"2020-08-12T08:08:50","date_gmt":"2020-08-12T06:08:50","guid":{"rendered":"https:\/\/www.ak-ak.sk\/?p=2052"},"modified":"2023-04-24T08:27:03","modified_gmt":"2023-04-24T06:27:03","slug":"sud-nekona-co-mozem-robit","status":"publish","type":"post","link":"https:\/\/www.ak-ak.sk\/en\/sud-nekona-co-mozem-robit\/","title":{"rendered":"S\u00fad nekon\u00e1 &#8211; \u010do m\u00f4\u017eem robi\u0165?"},"content":{"rendered":"\n<p>Dlh\u0161ie sa ni\u010d vo Va\u0161om s\u00fadnom konan\u00ed nedeje? Neviete, pre\u010do s\u00fad nekon\u00e1? Pre\u010do nevyt\u00fd\u010dil pojedn\u00e1vanie? Pre\u010do V\u00e1m st\u00e1le nezaslal podklady od protistrany? Trv\u00e1 Va\u0161e konanie nieko\u013eko rokov bez&nbsp; ak\u00e9hoko\u013evek v\u00fdsledku?&nbsp;<\/p>\n\n\n\n<p class=\"has-cyan-bluish-gray-background-color has-background\"><strong>Ako sa m\u00f4\u017eem br\u00e1ni\u0165 proti prie\u0165ahom v konan\u00ed?<\/strong><\/p>\n\n\n\n<p>Ak s\u00fad skuto\u010dne dlhodobo (pod\u013ea povahy veci &#8211; nieko\u013eko mesiacov \u010di nieko\u013eko rokov) nekon\u00e1, m\u00e1te mo\u017enos\u0165 \u017eiada\u0165 o n\u00e1pravu ne\u017eiaduceho stavu, a to nasledovne:&nbsp;<\/p>\n\n\n\n<p class=\"has-background\" style=\"background-color:#93bccd\"><strong>1. S\u0165a\u017enos\u0165 na prie\u0165ahy v konan\u00ed<\/strong><\/p>\n\n\n\n<p>V prvom rade m\u00f4\u017eete poda\u0165 s\u0165a\u017enos\u0165 na prie\u0165ahy v s\u00fadnom konan\u00ed, a to priamo predsedovi s\u00fadu.&nbsp;<\/p>\n\n\n\n<p>S\u0165a\u017enos\u0165 sa pod\u00e1va v zmysle&nbsp;z\u00e1kona \u010d. 9\/2010 Z. z. o s\u0165a\u017enostiach a je v nej potrebn\u00e9 uvies\u0165:<\/p>\n\n\n\n<ul><li>kto ju pod\u00e1va,&nbsp;<\/li><li>komu je ur\u010den\u00e1,&nbsp;<\/li><li>akej veci sa t\u00fdka,&nbsp;<\/li><li>mala by obsahova\u0165 od\u00f4vodnenie, pre\u010do sa pod\u00e1va,<\/li><li>a \u010doho sa podanou s\u0165a\u017enos\u0165ou dom\u00e1hate.<\/li><\/ul>\n\n\n\n<p class=\"has-cyan-bluish-gray-background-color has-background\"><strong>Ako dlho bude s\u00fad o mojej s\u0165a\u017enosti rozhodova\u0165?&nbsp;<\/strong><\/p>\n\n\n\n<p>S\u0165a\u017enos\u0165 mus\u00ed by\u0165 vybaven\u00e1 do 60-tich pracovn\u00fdch dn\u00ed. V pr\u00edpade, \u017ee by s\u00fad objekt\u00edvne uviedol, \u017ee je pre\u0161etrenie s\u0165a\u017enosti n\u00e1ro\u010dn\u00e9, m\u00f4\u017ee lehotu pred\u013a\u017ei\u0165 o \u010fal\u0161\u00edch 30 pracovn\u00fdch dn\u00ed.&nbsp;<\/p>\n\n\n\n<p>Predseda s\u00fadu V\u00e1s v tejto lehote upovedom\u00ed o \u0161etren\u00ed a ak pova\u017euje Va\u0161u s\u0165a\u017enos\u0165 za d\u00f4vodn\u00fa, uvedie V\u00e1m aj opatrenia, ktor\u00e9 prijal.<\/p>\n\n\n\n<p class=\"has-background\" style=\"background-color:#94c0d3\"><strong>2. \u00dastavn\u00e1 s\u0165a\u017enos\u0165 na prie\u0165ahy v konan\u00ed<\/strong><\/p>\n\n\n\n<p>V pr\u00edpade, \u017ee s\u00fad i napriek podanej s\u0165a\u017enosti \u010falej vo Va\u0161ej veci nekon\u00e1, pr\u00edpadne ste dostali zamietav\u00e9 stanovisko od predsedu s\u00fadu, m\u00e1te mo\u017enos\u0165 poda\u0165 \u00dastavn\u00fa s\u0165a\u017enos\u0165 v zmysle z\u00e1kona \u010d. 38\/1993 Z.z..&nbsp;<\/p>\n\n\n\n<p>Tu m\u00f4\u017eete \u017eiada\u0165 od \u00dastavn\u00e9ho s\u00fadu, aby ulo\u017eil nekonaj\u00faemu s\u00fadu povinnos\u0165 kona\u0165, resp. v od\u00f4vodnen\u00fdch pr\u00edpadoch m\u00f4\u017eete \u017eiada\u0165 dokonca aj primeran\u00e9 finan\u010dn\u00e9 zados\u0165u\u010dinenie.&nbsp;<\/p>\n\n\n\n<p class=\"has-cyan-bluish-gray-background-color has-background\"><strong>Kto m\u00f4\u017ee poda\u0165 \u00dastavn\u00fa s\u0165a\u017enos\u0165?&nbsp;<\/strong><\/p>\n\n\n\n<p>Ka\u017ed\u00e1&nbsp;<strong>fyzick\u00e1 alebo pr\u00e1vnick\u00e1 osoba<\/strong>, ktor\u00e1 tvrd\u00ed, \u017ee ne\u010dinnos\u0165ou sa poru\u0161ili jej z\u00e1kladn\u00e9 pr\u00e1va alebo slobody.&nbsp;<\/p>\n\n\n\n<p class=\"has-background\" style=\"background-color:#e36365\"><strong>POZOR! <\/strong>Pred \u00dastavn\u00fdm s\u00fadom mus\u00edte by\u0165 v\u017edy povinne zast\u00fapen\u00fd advok\u00e1tom.Zast\u00fapen\u00fd mus\u00edte by\u0165 hne\u010f od za\u010diatku &#8211; teda u\u017e pri podan\u00ed samotnej s\u0165a\u017enosti na \u00daSSR.<\/p>\n\n\n\n<p class=\"has-cyan-bluish-gray-background-color has-background\"><strong>Dokedy m\u00f4\u017eem \u00dastavn\u00fa s\u0165a\u017enos\u0165 poda\u0165?&nbsp;<\/strong><\/p>\n\n\n\n<p>Do 2-och mesiacov odo d\u0148a pr\u00e1voplatnosti rozhodnutia, ozn\u00e1menia opatrenia alebo upovedomenia o inom z\u00e1sahu, proti ktor\u00e9mu chcete s\u0165a\u017enos\u0165 poda\u0165.&nbsp;<\/p>\n\n\n\n<p class=\"has-vivid-red-background-color has-background\"><strong>Priprav\u00edme pre V\u00e1s:&nbsp;<\/strong><\/p>\n\n\n\n<ul><li>pos\u00fadime stav V\u00e1\u0161ho konania, priprav\u00edme pre V\u00e1s pr\u00e1vnu anal\u00fdzu, <\/li><li>v pr\u00edpade potreby sp\u00ed\u0161eme a&nbsp;pod\u00e1me s\u0165a\u017enos\u0165 na prie\u0165ahy v konan\u00ed, <\/li><li>v pr\u00edpade potreby sp\u00ed\u0161eme a pod\u00e1me \u00dastavn\u00fa s\u0165a\u017enos\u0165 pre prie\u0165ahy. <\/li><\/ul>\n\n\n\n<p class=\"has-text-align-center has-background\" style=\"background-color:#6ca5bd\">Tento \u010dl\u00e1nok nie je pr\u00e1vnou slu\u017ebou, pri\u010dom ka\u017ed\u00fd pr\u00e1vny vz\u0165ah je nevyhnutn\u00e9 pos\u00fadi\u0165 pr\u00e1vne a&nbsp;skutkovo individu\u00e1lne.&nbsp;<strong>Ak m\u00e1te ak\u00e9ko\u013evek \u010fa\u013e\u0161ie ot\u00e1zky a potrebujete poradi\u0165,&nbsp;sme tu pre V\u00e1s. Nev\u00e1hajte n\u00e1s kontaktova\u0165 na e-mailovej adrese:&nbsp;<\/strong><a href=\"mailto:kornhauser@ak-ak.sk\">info@ak-ak.sk<\/a><\/p>\n","protected":false},"excerpt":{"rendered":"<p>Dlh\u0161ie sa ni\u010d vo Va\u0161om s\u00fadnom konan\u00ed nedeje? Neviete, pre\u010do s\u00fad nekon\u00e1? Pre\u010do nevyt\u00fd\u010dil pojedn\u00e1vanie? Pre\u010do V\u00e1m st\u00e1le nezaslal podklady od protistrany? Trv\u00e1 Va\u0161e konanie nieko\u013eko rokov bez&nbsp; ak\u00e9hoko\u013evek v\u00fdsledku?&nbsp; Ako sa m\u00f4\u017eem br\u00e1ni\u0165 proti prie\u0165ahom v konan\u00ed? Ak s\u00fad skuto\u010dne dlhodobo (pod\u013ea povahy veci &#8211; nieko\u013eko mesiacov \u010di nieko\u013eko rokov) nekon\u00e1, m\u00e1te mo\u017enos\u0165 \u017eiada\u0165 [&hellip;]<\/p>\n","protected":false},"author":1,"featured_media":2054,"comment_status":"closed","ping_status":"open","sticky":false,"template":"","format":"standard","meta":[],"categories":[60],"tags":[],"_links":{"self":[{"href":"https:\/\/www.ak-ak.sk\/en\/wp-json\/wp\/v2\/posts\/2052"}],"collection":[{"href":"https:\/\/www.ak-ak.sk\/en\/wp-json\/wp\/v2\/posts"}],"about":[{"href":"https:\/\/www.ak-ak.sk\/en\/wp-json\/wp\/v2\/types\/post"}],"author":[{"embeddable":true,"href":"https:\/\/www.ak-ak.sk\/en\/wp-json\/wp\/v2\/users\/1"}],"replies":[{"embeddable":true,"href":"https:\/\/www.ak-ak.sk\/en\/wp-json\/wp\/v2\/comments?post=2052"}],"version-history":[{"count":2,"href":"https:\/\/www.ak-ak.sk\/en\/wp-json\/wp\/v2\/posts\/2052\/revisions"}],"predecessor-version":[{"id":2055,"href":"https:\/\/www.ak-ak.sk\/en\/wp-json\/wp\/v2\/posts\/2052\/revisions\/2055"}],"wp:featuredmedia":[{"embeddable":true,"href":"https:\/\/www.ak-ak.sk\/en\/wp-json\/wp\/v2\/media\/2054"}],"wp:attachment":[{"href":"https:\/\/www.ak-ak.sk\/en\/wp-json\/wp\/v2\/media?parent=2052"}],"wp:term":[{"taxonomy":"category","embeddable":true,"href":"https:\/\/www.ak-ak.sk\/en\/wp-json\/wp\/v2\/categories?post=2052"},{"taxonomy":"post_tag","embeddable":true,"href":"https:\/\/www.ak-ak.sk\/en\/wp-json\/wp\/v2\/tags?post=2052"}],"curies":[{"name":"wp","href":"https:\/\/api.w.org\/{rel}","templated":true}]}}