{"id":3132,"date":"2021-02-13T20:40:13","date_gmt":"2021-02-13T19:40:13","guid":{"rendered":"https:\/\/www.ak-ak.sk\/?p=3132"},"modified":"2023-04-24T08:54:30","modified_gmt":"2023-04-24T06:54:30","slug":"vyzivne-pre-nevydatu-slobodnu-matku","status":"publish","type":"post","link":"https:\/\/www.ak-ak.sk\/en\/vyzivne-pre-nevydatu-slobodnu-matku\/","title":{"rendered":"V\u00fd\u017eivn\u00e9 pre nevydat\u00fa (slobodn\u00fa) matku"},"content":{"rendered":"\n<h4 class=\"has-background wp-block-heading\" style=\"background-color:#df9968\">Vedeli ste, \u017ee otec die\u0165a\u0165a, za ktor\u00e9ho matka nie je vydat\u00e1, je povinn\u00fd najdlh\u0161ie po dobu 2 rokov, najnesk\u00f4r odo d\u0148a p\u00f4rodu prispieva\u0165 matke v primeranej miere na \u00fahradu jej v\u00fd\u017eivy a poskytn\u00fa\u0165 jej pr\u00edspevok na \u00fahradu n\u00e1kladov spojen\u00fdch s tehotenstvom a p\u00f4rodom. <\/h4>\n\n\n\n<p class=\"has-cyan-bluish-gray-background-color has-background\"><strong>Kto si m\u00f4\u017ee po\u017eiada\u0165 o tak\u00e9to v\u00fd\u017eivn\u00e9? &nbsp;<\/strong><\/p>\n\n\n\n<p><strong>Matka die\u0165a\u0165a, ktor\u00e1 die\u0165a porodila a ktor\u00e1 za otca die\u0165a\u0165a nie je vydat\u00e1.&nbsp;<\/strong><\/p>\n\n\n\n<p><strong>Nevydat\u00e1 matka m\u00e1 n\u00e1rok &nbsp;<u>na pr\u00edspevok na \u00fahradu n\u00e1kladov spojen\u00fdch s tehotenstvom a p\u00f4rodom<\/u> od otca die\u0165a\u0165a<\/strong>, pri\u010dom otec je na druhej strane povinn\u00fd prispieva\u0165 matke nielen na v\u00fd\u017eivu&nbsp;malolet\u00e9ho die\u0165a\u0165a, ale aj na jej osobit\u00e9 n\u00e1klady. Povinnos\u0165 otca prispieva\u0165 na v\u00fd\u017eivu matky je \u010dasovo obmedzen\u00e1 a to na&nbsp;<strong>2 roky<\/strong>, pri\u010dom jej za\u010diatok mo\u017eno ur\u010di\u0165 najsk\u00f4r d\u0148om, kedy sa nevydatej matke po prv\u00fdkr\u00e1t zn\u00ed\u017eili pr\u00edjmy v d\u00f4sledku tehotenstva<strong> a najnesk\u00f4r d\u0148om p\u00f4rodu.<\/strong><\/p>\n\n\n\n<p>POZOR! Ak chcete ma\u0165 n\u00e1rok na tento pr\u00edspevok, mus\u00edte preuk\u00e1za\u0165, \u017ee V\u00e1m skuto\u010dne klesol pr\u00edjem v porovnan\u00ed s pr\u00edjmom v \u010dase pred otehotnen\u00edm. <\/p>\n\n\n\n<p class=\"has-cyan-bluish-gray-background-color has-background\"><strong>Ak\u00e1 je v\u00fd\u0161ka pr\u00edspevku?<\/strong><\/p>\n\n\n\n<p><strong>Pr\u00edspevok na v\u00fd\u017eivu matky:<\/strong><\/p>\n\n\n\n<p>Sl\u00fa\u017ei na vyrovnanie zn\u00ed\u017eenej \u017eivotnej \u00farovni matky v \u010dase jej tehotenstva a po p\u00f4rode s jej \u017eivotnou \u00farov\u0148ou pred tehotenstvom. S\u00fad teda nebude v konan\u00ed sk\u00fama\u0165 majetkov\u00e9 pomery otca a nebude vyrovn\u00e1va\u0165 pr\u00edspevok matky so \u017eivotnou \u00farov\u0148ou otca, ako by tomu bolo pri maloletom die\u0165ati, ale bude smerova\u0165 k tomu, aby bola zabezpe\u010den\u00e1 p\u00f4vodn\u00e1 \u017eivotn\u00e1 \u00farove\u0148 matky, ak\u00fa mala pred otehotnen\u00edm. S\u00fad v konan\u00ed zis\u0165uje n\u00e1klady a potreby matky a z\u00e1konn\u00e9 h\u013eadisk\u00e1 pre ur\u010denie rozsahu vy\u017eivovacej povinnosti (schopnosti, mo\u017enosti, majetkov\u00e9 pomery povinn\u00e9ho, potencionalitu pr\u00edjmov, s\u00falad s dobr\u00fdmi mravmi). (R 30\/2020).<strong>&nbsp;&nbsp;<\/strong><\/p>\n\n\n\n<p><strong><u>Pr\u00edspevok na \u00fahradu n\u00e1kladov spojen\u00fdch s tehotenstvom a p\u00f4rodom<\/u>:&nbsp;<\/strong><\/p>\n\n\n\n<p>Sl\u00fa\u017ei na pokrytie neo\u010dak\u00e1van\u00fdch v\u00fddavkov matky, a to najm\u00e4: na k\u00fapu tehotensk\u00e9ho oble\u010denia, vitam\u00ednov, na cestovn\u00e9 do zdravotn\u00edckeho zariadenia, na doplatky za lieky. <\/p>\n\n\n\n<p>Matka m\u00e1 n\u00e1rok na pokrytie t\u00fdchto v\u00fddavkov od okamihu, kedy jej vznikn\u00fa a to bez oh\u013eadu na to, \u010di sa die\u0165a narod\u00ed \u017eiv\u00e9. <\/p>\n\n\n\n<p>POZOR! Viacer\u00e9 mami\u010dky sa mylne domnievaj\u00fa, \u017ee si v r\u00e1mci pr\u00edspevku na \u00fahradu n\u00e1kladov spojen\u00fdch s otehotnen\u00edm a p\u00f4rodom m\u00f4\u017eu uplatni\u0165 aj n\u00e1klady na zak\u00fapenie detskej v\u00fdbavy alebo oble\u010denia. Tieto n\u00e1klady u\u017e nie s\u00fa len n\u00e1kladmi matky, ale n\u00e1kladmi malolet\u00e9ho die\u0165a\u0165a a musia by\u0165 preto zoh\u013eadnen\u00e9 vo v\u00fd\u017eivnom na malolet\u00e9ho die\u0165a a nie v pr\u00edspevku na matku.  <\/p>\n\n\n\n<p>S\u00fad by mal tie\u017e prihliadnu\u0165 na soci\u00e1lne d\u00e1vky, ktor\u00e9 boli matke poskytnut\u00e9. <\/p>\n\n\n\n<p class=\"has-cyan-bluish-gray-background-color has-background\"><strong>Preml\u010duje sa n\u00e1rok na \u00fahradu n\u00e1kladov spojen\u00fdch s tehotenstvom a p\u00f4rodom?<\/strong><\/p>\n\n\n\n<p>\u00c1NO, <strong>preml\u010d\u00ed sa uplynut\u00edm 3-och rokov odo d\u0148a p\u00f4rodu<\/strong>. (Teda, ak matka neuplatn\u00ed svoje n\u00e1roky do 3-och rokov odo d\u0148a p\u00f4rodu, otec v pr\u00edpadnom s\u00fadnom konan\u00ed m\u00f4\u017ee vznies\u0165 n\u00e1mietku preml\u010dania a s\u00fad matke tento n\u00e1rok neprizn\u00e1.<strong>&nbsp;)<\/strong><\/p>\n\n\n\n<p class=\"has-background\" style=\"background-color:#e9a97b\"><strong>S\u00fad V\u00e1m pr\u00edspevok <strong>na \u00fahradu n\u00e1kladov spojen\u00fdch s tehotenstvom a p\u00f4rodom<\/strong> prizn\u00e1 len na n\u00e1vrh! <\/strong><\/p>\n\n\n\n<p>A m\u00f4\u017eete ho poda\u0165 len v \u010dase V\u00e1\u0161ho tehotenstva, teda v \u010dase, kedy m\u00e1te na\u0148ho n\u00e1rok. Pr\u00edspevok je \u010dasovo ohrani\u010den\u00fd. <\/p>\n\n\n\n<p class=\"has-cyan-bluish-gray-background-color has-background\"><strong>M\u00f4\u017eete sa s otcom die\u0165a\u0165a aj dohodn\u00fa\u0165? <\/strong><\/p>\n\n\n\n<p><strong>\u00c1NO.<\/strong> Dohoda je v\u017edy t\u00fdm najlep\u0161\u00edm rie\u0161en\u00edm. Odpor\u00fa\u010dame V\u00e1m v\u0161ak si tak\u00fato dohodu sp\u00edsa\u0165 p\u00edsomne a n\u00e1sledne ju zasla\u0165 s\u00fadu na schv\u00e1lenie, aby bola exeku\u010dn\u00fdm titulom a v pr\u00edpade neplnenia si dohodnut\u00e9ho finan\u010dn\u00e9ho pr\u00edspevku. <\/p>\n\n\n\n<p class=\"has-cyan-bluish-gray-background-color has-background\"><strong>Kam m\u00e1te n\u00e1vrh poda\u0165? <\/strong><\/p>\n\n\n\n<p><strong>N\u00e1vrh je potrebn\u00e9 poda\u0165 na miestne pr\u00edslu\u0161n\u00fd s\u00fad<\/strong>, ktor\u00fdm je s\u00fad v mieste bydliska tehotnej \u017eeny. <strong>N\u00e1vrh m\u00f4\u017eete poda\u0165 elektronicky, po\u0161tou alebo osobne do podate\u013ene s\u00fadu v dvoch vyhotoveniach<\/strong>. <\/p>\n\n\n\n<p class=\"has-cyan-bluish-gray-background-color has-background\"><strong>\u010co mus\u00edte v N\u00e1vrhu uvies\u0165? <\/strong><\/p>\n\n\n\n<ul><li>svoje osobn\u00e9 \u00fadaje, osobn\u00e9 \u00fadaje otca a osobn\u00e9 \u00fadaje malolet\u00e9ho die\u0165a\u0165a, ak sa u\u017e narodilo. <\/li><li>V\u00e1\u0161 pr\u00edjem a majetkov\u00e9 pomery. Pr\u00edjem a majetkov\u00e9 pomery s\u00fadu zdokladujte! <\/li><li>Pr\u00edjem a majetkov\u00e9 pomery otca. <\/li><li>Op\u00ed\u0161te Va\u0161e v\u00fddavky, ktor\u00e9 ste vynalo\u017eili v s\u00favislosti s tehotenstvom a p\u00f4rodom. Najlep\u0161ie je zasla\u0165 s\u00fadu tabu\u013eku, kde uvediete jednotliv\u00e9 sumy a polo\u017eky.  <\/li><\/ul>\n\n\n\n<p class=\"has-cyan-bluish-gray-background-color has-background\"><strong>\u010co m\u00e1te k n\u00e1vrhu prilo\u017ei\u0165?<\/strong><\/p>\n\n\n\n<ul><li>rodn\u00fd list die\u0165a\u0165a, <\/li><li>potvrdenie o pr\u00edjme (resp. poslednom pr\u00edjme), <\/li><li>zoznam mesa\u010dn\u00fdch v\u00fddavkov.<strong>&nbsp;<\/strong><\/li><\/ul>\n\n\n\n<p class=\"has-cyan-bluish-gray-background-color has-background\"><strong>Je podanie n\u00e1vrhu spoplatnen\u00e9? <\/strong><\/p>\n\n\n\n<p>NIE. Je osloboden\u00e9 od s\u00fadneho poplatku.<strong>&nbsp;<\/strong><\/p>\n\n\n\n<p class=\"has-background\" style=\"background-color:#d35959\">Priprav\u00edme pre V\u00e1s:&nbsp;<\/p>\n\n\n\n<ul><li>sp\u00edsanie mimos\u00fadnej dohody o n\u00e1roku na pr\u00edspevok,<\/li><li>sp\u00edsanie a&nbsp;podanie n\u00e1vrhu na priznanie pr\u00edspevku,<\/li><li>zastupovanie v&nbsp;konan\u00ed pred s\u00fadom a\u017e do pr\u00e1voplatn\u00e9ho skon\u010denia vec. <\/li><\/ul>\n\n\n\n<p class=\"has-text-align-center has-background\" style=\"background-color:#71a4ba\">Tento \u010dl\u00e1nok nie je pr\u00e1vnou slu\u017ebou, pri\u010dom ka\u017ed\u00fd pr\u00e1vny vz\u0165ah je nevyhnutn\u00e9 pos\u00fadi\u0165 pr\u00e1vne a&nbsp;skutkovo individu\u00e1lne.&nbsp;<strong>Nev\u00e1hajte n\u00e1s kontaktova\u0165 na e-mailovej adrese:&nbsp;<\/strong><a href=\"mailto:absolonova@ak-ak.sk\">info@ak-ak.sk<\/a><a href=\"mailto:kornhauser@ak-ak.sk\">.<\/a><\/p>\n","protected":false},"excerpt":{"rendered":"<p>Vedeli ste, \u017ee otec die\u0165a\u0165a, za ktor\u00e9ho matka nie je vydat\u00e1, je povinn\u00fd najdlh\u0161ie po dobu 2 rokov, najnesk\u00f4r odo d\u0148a p\u00f4rodu prispieva\u0165 matke v primeranej miere na \u00fahradu jej v\u00fd\u017eivy a poskytn\u00fa\u0165 jej pr\u00edspevok na \u00fahradu n\u00e1kladov spojen\u00fdch s tehotenstvom a p\u00f4rodom. Kto si m\u00f4\u017ee po\u017eiada\u0165 o tak\u00e9to v\u00fd\u017eivn\u00e9? &nbsp; Matka die\u0165a\u0165a, ktor\u00e1 die\u0165a [&hellip;]<\/p>\n","protected":false},"author":1,"featured_media":2081,"comment_status":"closed","ping_status":"open","sticky":true,"template":"","format":"standard","meta":[],"categories":[55],"tags":[],"_links":{"self":[{"href":"https:\/\/www.ak-ak.sk\/en\/wp-json\/wp\/v2\/posts\/3132"}],"collection":[{"href":"https:\/\/www.ak-ak.sk\/en\/wp-json\/wp\/v2\/posts"}],"about":[{"href":"https:\/\/www.ak-ak.sk\/en\/wp-json\/wp\/v2\/types\/post"}],"author":[{"embeddable":true,"href":"https:\/\/www.ak-ak.sk\/en\/wp-json\/wp\/v2\/users\/1"}],"replies":[{"embeddable":true,"href":"https:\/\/www.ak-ak.sk\/en\/wp-json\/wp\/v2\/comments?post=3132"}],"version-history":[{"count":4,"href":"https:\/\/www.ak-ak.sk\/en\/wp-json\/wp\/v2\/posts\/3132\/revisions"}],"predecessor-version":[{"id":3319,"href":"https:\/\/www.ak-ak.sk\/en\/wp-json\/wp\/v2\/posts\/3132\/revisions\/3319"}],"wp:featuredmedia":[{"embeddable":true,"href":"https:\/\/www.ak-ak.sk\/en\/wp-json\/wp\/v2\/media\/2081"}],"wp:attachment":[{"href":"https:\/\/www.ak-ak.sk\/en\/wp-json\/wp\/v2\/media?parent=3132"}],"wp:term":[{"taxonomy":"category","embeddable":true,"href":"https:\/\/www.ak-ak.sk\/en\/wp-json\/wp\/v2\/categories?post=3132"},{"taxonomy":"post_tag","embeddable":true,"href":"https:\/\/www.ak-ak.sk\/en\/wp-json\/wp\/v2\/tags?post=3132"}],"curies":[{"name":"wp","href":"https:\/\/api.w.org\/{rel}","templated":true}]}}